{"id":5551,"date":"2021-03-27T15:18:53","date_gmt":"2021-03-27T14:18:53","guid":{"rendered":"https:\/\/greencourt.mgcomunicacio.com\/rafa-nadal-visita-les-obres-dampliacio-de-la-seva-academia\/"},"modified":"2025-12-11T09:08:37","modified_gmt":"2025-12-11T08:08:37","slug":"rafa-nadal-visita-les-obres-dampliacio-de-la-seva-academia","status":"publish","type":"post","link":"https:\/\/greencourt.mgcomunicacio.com\/ca\/rafa-nadal-visita-les-obres-dampliacio-de-la-seva-academia\/","title":{"rendered":"Rafa Nadal visita les obres d&#8217;ampliaci\u00f3 de la seva Acad\u00e8mia"},"content":{"rendered":"<div class=\"wp-block-greencourt-cabecera mod-cabecera f1_2\"><div class=\"slider\"><div class=\"wp-block-greencourt-cabecera-interior slide\"><div class=\"maq-contenidor\" style=\"backdrop-filter: blur(0px)\"><div class=\"text\"><p class=\"has-text-align-center is-style-com_titular_1 has-blanc-color has-text-color has-link-color wp-elements-c85c19a6610eee7eb89b922da4d4c9b8\">Ampliaci\u00f3 de la<br>Rafa Nadal Academy<\/p><\/div><\/div><div class=\"image\" style=\"background-image:url(https:\/\/greencourt.mgcomunicacio.com\/wp-content\/uploads\/2025\/03\/Rafa-Nadal-visita-las-obras-de-ampliacion-de-su-Academia-01.jpg)\"><\/div><div style=\"background: #2b2b2b; opacity: calc(20\/100);\" class=\"capa-color\"><\/div><\/div><\/div><\/div><div class=\"wp-block-greencourt-marges maq-contenidor normal marge-superior-gran marge-inferior-\" data-aos=\"off\" data-aos-delay=\"aos_delay\"><h1 class=\"wp-block-heading is-style-com_titular_2\">Rafa Nadal visita les obres d&#8217;ampliaci\u00f3 de la seva Acad\u00e8mia<\/h1>\n\n<div style=\"height:50px\" aria-hidden=\"true\" class=\"wp-block-spacer\"><\/div>\n\n<p class=\"is-style-com_titular_4\">A Greencourt estem especialment contents de formar part de les obres d&#8217;ampliaci\u00f3 de la Rafa Nadal Academy by Movistar, a Manacor (Illes Balears). Un projecte que refor\u00e7a el creixement d&#8217;una de les institucions esportives m\u00e9s reconegudes a nivell mundial, i en el qual col\u00b7laborem amb la construcci\u00f3 de set noves pistes semicobertes de <a href=\"https:\/\/greencourt.mgcomunicacio.com\/ca\/solucions\/pistes-de-tenis\/construccio-de-pistes-de-tenis-de-terra-batuda\/\">terra batuda<\/a>, actualment en un estat molt avan\u00e7at.<\/p>\n\n<p><\/p>\n\n<p class=\"is-style-com_titular_4\">Durant aquests dies previs al seu viatge a Montecarlo, on comen\u00e7ava la gira de terra batuda, Rafa Nadal va voler apropar-se personalment a les obres per con\u00e8ixer de primera m\u00e0 el progr\u00e9s del projecte i comprovar l&#8217;estat de les pistes. La visita va ser tamb\u00e9 una oportunitat per intercanviar impressions amb l&#8217;equip t\u00e8cnic i confirmar que les noves superf\u00edcies mantenen els est\u00e0ndards de qualitat que caracteritzen l&#8217;Acad\u00e8mia. <\/p><\/div><div class=\"wp-block-greencourt-marges maq-contenidor ample-marge marge-superior-petit marge-inferior-petit\" data-aos=\"off\" data-aos-delay=\"aos_delay\"><p class=\"is-style-com_titular_1 has-taronja-greencourt-color has-text-color has-link-color wp-elements-352084d3a4fa737570a616228f36998e\">Set pistes d&#8217;\u00faltima generaci\u00f3, dissenyades per oferir sensacions com les grans seus del circuit ATP.<\/p><\/div><div class=\"wp-block-greencourt-marges maq-contenidor normal marge-superior- marge-inferior-gran\" data-aos=\"off\" data-aos-delay=\"aos_delay\"><p class=\"is-style-com_titular_4\">A Greencourt seguim treballant amb la m\u00e0xima dedicaci\u00f3 perqu\u00e8 tot estigui llest de cara al mes de setembre. L&#8217;ampliaci\u00f3 permetr\u00e0 a l&#8217;Acad\u00e8mia seguir acollint m\u00e9s jugadors, esdeveniments i entrenaments d&#8217;alt nivell, consolidant la seva posici\u00f3 com a referent internacional en formaci\u00f3 i rendiment esportiu. <\/p>\n\n<p class=\"is-style-com_titular_4\">Mentrestant, us deixem un breu v\u00eddeo amb les imatges de la visita d&#8217;obra, on es pot veure Rafa Nadal recorrent les instal\u00b7lacions i supervisant l&#8217;avan\u00e7 del projecte.<\/p><\/div><div class=\"wp-block-greencourt-marges maq-contenidor fullwidth marge-superior-petit marge-inferior-\" data-aos=\"off\" data-aos-delay=\"aos_delay\"><figure class=\"wp-block-embed is-type-video is-provider-youtube wp-block-embed-youtube wp-embed-aspect-16-9 wp-has-aspect-ratio\"><div class=\"wp-block-embed__wrapper\">\n<iframe loading=\"lazy\" title=\"Rafa Nadal visita la ampliaci\u00f3n de la Rafa Nadal Academy by Movistar\" width=\"500\" height=\"281\" src=\"https:\/\/www.youtube.com\/embed\/ZKLDjf-yhxs?feature=oembed\" frameborder=\"0\" allow=\"accelerometer; autoplay; clipboard-write; encrypted-media; gyroscope; picture-in-picture; web-share\" referrerpolicy=\"strict-origin-when-cross-origin\" allowfullscreen><\/iframe>\n<\/div><\/figure><\/div><div class=\"wp-block-greencourt-marges maq-contenidor fullwidth marge-superior-petit marge-inferior-\" data-aos=\"off\" data-aos-delay=\"aos_delay\"><figure class=\"wp-block-image size-full\"><img loading=\"lazy\" decoding=\"async\" width=\"2500\" height=\"1189\" src=\"https:\/\/greencourt.mgcomunicacio.com\/wp-content\/uploads\/2025\/10\/Manacor-Construccio-i-renovacio-de-pistes-de-terra-batuda-a-la-Rafa-Nadal-Academy-07.jpg\" alt=\"\" class=\"wp-image-1800\" srcset=\"https:\/\/greencourt.mgcomunicacio.com\/wp-content\/uploads\/2025\/10\/Manacor-Construccio-i-renovacio-de-pistes-de-terra-batuda-a-la-Rafa-Nadal-Academy-07.jpg 2500w, https:\/\/greencourt.mgcomunicacio.com\/wp-content\/uploads\/2025\/10\/Manacor-Construccio-i-renovacio-de-pistes-de-terra-batuda-a-la-Rafa-Nadal-Academy-07-600x285.jpg 600w, https:\/\/greencourt.mgcomunicacio.com\/wp-content\/uploads\/2025\/10\/Manacor-Construccio-i-renovacio-de-pistes-de-terra-batuda-a-la-Rafa-Nadal-Academy-07-300x143.jpg 300w, https:\/\/greencourt.mgcomunicacio.com\/wp-content\/uploads\/2025\/10\/Manacor-Construccio-i-renovacio-de-pistes-de-terra-batuda-a-la-Rafa-Nadal-Academy-07-1024x487.jpg 1024w, https:\/\/greencourt.mgcomunicacio.com\/wp-content\/uploads\/2025\/10\/Manacor-Construccio-i-renovacio-de-pistes-de-terra-batuda-a-la-Rafa-Nadal-Academy-07-768x365.jpg 768w, https:\/\/greencourt.mgcomunicacio.com\/wp-content\/uploads\/2025\/10\/Manacor-Construccio-i-renovacio-de-pistes-de-terra-batuda-a-la-Rafa-Nadal-Academy-07-1536x731.jpg 1536w, https:\/\/greencourt.mgcomunicacio.com\/wp-content\/uploads\/2025\/10\/Manacor-Construccio-i-renovacio-de-pistes-de-terra-batuda-a-la-Rafa-Nadal-Academy-07-2048x974.jpg 2048w, https:\/\/greencourt.mgcomunicacio.com\/wp-content\/uploads\/2025\/10\/Manacor-Construccio-i-renovacio-de-pistes-de-terra-batuda-a-la-Rafa-Nadal-Academy-07-340x162.jpg 340w, https:\/\/greencourt.mgcomunicacio.com\/wp-content\/uploads\/2025\/10\/Manacor-Construccio-i-renovacio-de-pistes-de-terra-batuda-a-la-Rafa-Nadal-Academy-07-140x67.jpg 140w\" sizes=\"auto, (max-width: 2500px) 100vw, 2500px\" \/><\/figure><\/div><p><\/p><div style=\"height:15vh\" aria-hidden=\"true\" class=\"wp-block-spacer\"><\/div><p><\/p><p><\/p>","protected":false},"excerpt":{"rendered":"","protected":false},"author":1,"featured_media":3562,"comment_status":"closed","ping_status":"closed","sticky":false,"template":"","format":"standard","meta":{"_acf_changed":false,"footnotes":""},"categories":[202],"tags":[],"class_list":["post-5551","post","type-post","status-publish","format-standard","has-post-thumbnail","hentry","category-sense-categoria"],"acf":[],"_links":{"self":[{"href":"https:\/\/greencourt.mgcomunicacio.com\/ca\/wp-json\/wp\/v2\/posts\/5551","targetHints":{"allow":["GET"]}}],"collection":[{"href":"https:\/\/greencourt.mgcomunicacio.com\/ca\/wp-json\/wp\/v2\/posts"}],"about":[{"href":"https:\/\/greencourt.mgcomunicacio.com\/ca\/wp-json\/wp\/v2\/types\/post"}],"author":[{"embeddable":true,"href":"https:\/\/greencourt.mgcomunicacio.com\/ca\/wp-json\/wp\/v2\/users\/1"}],"replies":[{"embeddable":true,"href":"https:\/\/greencourt.mgcomunicacio.com\/ca\/wp-json\/wp\/v2\/comments?post=5551"}],"version-history":[{"count":2,"href":"https:\/\/greencourt.mgcomunicacio.com\/ca\/wp-json\/wp\/v2\/posts\/5551\/revisions"}],"predecessor-version":[{"id":6924,"href":"https:\/\/greencourt.mgcomunicacio.com\/ca\/wp-json\/wp\/v2\/posts\/5551\/revisions\/6924"}],"wp:featuredmedia":[{"embeddable":true,"href":"https:\/\/greencourt.mgcomunicacio.com\/ca\/wp-json\/wp\/v2\/media\/3562"}],"wp:attachment":[{"href":"https:\/\/greencourt.mgcomunicacio.com\/ca\/wp-json\/wp\/v2\/media?parent=5551"}],"wp:term":[{"taxonomy":"category","embeddable":true,"href":"https:\/\/greencourt.mgcomunicacio.com\/ca\/wp-json\/wp\/v2\/categories?post=5551"},{"taxonomy":"post_tag","embeddable":true,"href":"https:\/\/greencourt.mgcomunicacio.com\/ca\/wp-json\/wp\/v2\/tags?post=5551"}],"curies":[{"name":"wp","href":"https:\/\/api.w.org\/{rel}","templated":true}]}}