{"id":5562,"date":"2022-04-09T17:14:37","date_gmt":"2022-04-09T15:14:37","guid":{"rendered":"https:\/\/greencourt.mgcomunicacio.com\/la-terra-red-court-de-greencourt-protagonista-del-68e-trofeu-comte-de-godo\/"},"modified":"2025-12-11T09:11:49","modified_gmt":"2025-12-11T08:11:49","slug":"la-terra-red-court-de-greencourt-protagonista-del-68e-trofeu-comte-de-godo","status":"publish","type":"post","link":"https:\/\/greencourt.mgcomunicacio.com\/ca\/la-terra-red-court-de-greencourt-protagonista-del-68e-trofeu-comte-de-godo\/","title":{"rendered":"La terra Red Court de Greencourt, protagonista del 68\u00e8 Trofeu Comte de God\u00f3"},"content":{"rendered":"<div class=\"wp-block-greencourt-cabecera mod-cabecera f1_2\"><div class=\"slider\"><div class=\"wp-block-greencourt-cabecera-interior slide\"><div class=\"maq-contenidor\" style=\"backdrop-filter: blur(0px)\"><div class=\"text\"><h1 class=\"wp-block-heading has-text-align-center is-style-com_titular_1 has-blanc-color has-text-color has-link-color wp-elements-bd85821532532d9ac9e3c8618f58efc2\">68\u00e8 Trofeu Comte de God\u00f3<\/h1><\/div><\/div><div class=\"image\" style=\"background-image:url(https:\/\/greencourt.mgcomunicacio.com\/wp-content\/uploads\/2025\/04\/la-tierra-red-court-de-greencourt-protagonista-del-68-trofeo-conde-de-godo_03.jpg)\"><\/div><div style=\"background: #2b2b2b; opacity: calc(20\/100);\" class=\"capa-color\"><\/div><\/div><\/div><\/div><div class=\"wp-block-greencourt-marges maq-contenidor normal marge-superior-gran marge-inferior-\" data-aos=\"off\" data-aos-delay=\"aos_delay\"><h2 class=\"wp-block-heading is-style-com_titular_2\">La terra Red Court de Greencourt, protagonista del 68\u00e8 Trofeu Comte de God\u00f3<\/h2>\n\n<div style=\"height:50px\" aria-hidden=\"true\" class=\"wp-block-spacer\"><\/div>\n\n<p class=\"is-style-com_titular_4\">\u00c9s clar que Rafa Nadal continua manant al God\u00f3, d&#8217;aix\u00f2 no hi ha cap dubte. Despr\u00e9s de mesos sense jugar, ens ha tornat a demostrar el seu millor joc sobre la que \u00e9s, sens dubte, la seva superf\u00edcie per excel\u00b7l\u00e8ncia: la terra batuda. Cada cop, cada punt i cada vict\u00f2ria han tornat a convertir el Trofeu Comte de God\u00f3 en una aut\u00e8ntica celebraci\u00f3 del tennis.  <\/p>\n\n<p><\/p>\n\n<p class=\"is-style-com_titular_4\">Per\u00f2 enguany, a m\u00e9s de Nadal, hi ha hagut una altra gran protagonista silenciosa: la pista. I \u00e9s que molts ho haureu notat \u2014la terra batuda de la pista central presentava un color molt m\u00e9s vermell\u00f3s, m\u00e9s intens i viu que en edicions anteriors\u2014. El bot era m\u00e9s uniforme, el lliscament m\u00e9s natural i l&#8217;espectacle, senzillament, impecable.  <\/p><\/div><div class=\"wp-block-greencourt-marges maq-contenidor ample-marge marge-superior-petit marge-inferior-petit\" data-aos=\"off\" data-aos-delay=\"aos_delay\"><p class=\"is-style-com_titular_1 has-taronja-greencourt-color has-text-color has-link-color wp-elements-489a3e4a9b0ed5f42a0054f7cec9ca4e\">El secret est\u00e0 en la barreja Red Court 01 i 02 de Greencourt.<\/p><\/div><div class=\"wp-block-greencourt-marges maq-contenidor normal marge-superior- marge-inferior-gran\" data-aos=\"off\" data-aos-delay=\"aos_delay\"><p class=\"is-style-com_titular_4\"><a href=\"https:\/\/greencourt.mgcomunicacio.com\/ca\/solucions\/pistes-de-tenis\/construccio-de-pistes-de-tenis-de-terra-batuda\/\">Aquesta terra Greencourt<\/a>, procedent de ma\u00f3 cuit a 800 \u00b0C, garanteix un drenatge perfecte sense formaci\u00f3 de llots fins i tot despr\u00e9s de pluges intenses. La seva granulometria i densitat equilibrades li permeten mantenir-se estable en superf\u00edcie durant tot el joc, evitant despla\u00e7aments i oferint un major confort als tennistes. A m\u00e9s, la seva textura fina contribueix a un comportament m\u00e9s predictible de la pilota i una millor tracci\u00f3 sota el peu.<\/p>\n\n<p><\/p>\n\n<p class=\"is-style-com_titular_4\">Una combinaci\u00f3 t\u00e8cnica i est\u00e8tica que ha fet possible gaudir de partits memorables i d&#8217;una pista en el seu m\u00e0xim esplendor. Aqu\u00ed us deixem algunes imatges que ho diuen tot: pura passi\u00f3 pel tennis&#8230; i per la <a href=\"https:\/\/greencourt.mgcomunicacio.com\/ca\/solucions\/pistes-de-tenis\/construccio-de-pistes-de-tenis-de-terra-batuda\/\">terra batuda<\/a>.<\/p><\/div><div class=\"wp-block-greencourt-marges maq-contenidor fullwidth marge-superior-petit marge-inferior-\" data-aos=\"off\" data-aos-delay=\"aos_delay\"><figure class=\"wp-block-image size-full\"><img loading=\"lazy\" decoding=\"async\" width=\"1024\" height=\"576\" src=\"https:\/\/greencourt.mgcomunicacio.com\/wp-content\/uploads\/2025\/04\/la-tierra-red-court-de-greencourt-protagonista-del-68-trofeo-conde-de-godo_598873.jpg\" alt=\"\" class=\"wp-image-3521\" srcset=\"https:\/\/greencourt.mgcomunicacio.com\/wp-content\/uploads\/2025\/04\/la-tierra-red-court-de-greencourt-protagonista-del-68-trofeo-conde-de-godo_598873.jpg 1024w, https:\/\/greencourt.mgcomunicacio.com\/wp-content\/uploads\/2025\/04\/la-tierra-red-court-de-greencourt-protagonista-del-68-trofeo-conde-de-godo_598873-600x338.jpg 600w, https:\/\/greencourt.mgcomunicacio.com\/wp-content\/uploads\/2025\/04\/la-tierra-red-court-de-greencourt-protagonista-del-68-trofeo-conde-de-godo_598873-300x169.jpg 300w, https:\/\/greencourt.mgcomunicacio.com\/wp-content\/uploads\/2025\/04\/la-tierra-red-court-de-greencourt-protagonista-del-68-trofeo-conde-de-godo_598873-768x432.jpg 768w, https:\/\/greencourt.mgcomunicacio.com\/wp-content\/uploads\/2025\/04\/la-tierra-red-court-de-greencourt-protagonista-del-68-trofeo-conde-de-godo_598873-340x191.jpg 340w, https:\/\/greencourt.mgcomunicacio.com\/wp-content\/uploads\/2025\/04\/la-tierra-red-court-de-greencourt-protagonista-del-68-trofeo-conde-de-godo_598873-140x79.jpg 140w\" sizes=\"auto, (max-width: 1024px) 100vw, 1024px\" \/><\/figure><\/div><div class=\"wp-block-greencourt-marges maq-contenidor fullwidth marge-superior-petit marge-inferior-\" data-aos=\"off\" data-aos-delay=\"aos_delay\"><figure class=\"wp-block-image size-full\"><img loading=\"lazy\" decoding=\"async\" width=\"1024\" height=\"682\" src=\"https:\/\/greencourt.mgcomunicacio.com\/wp-content\/uploads\/2025\/04\/la-tierra-red-court-de-greencourt-protagonista-del-68-trofeo-conde-de-godo_55056.jpg\" alt=\"\" class=\"wp-image-3523\" srcset=\"https:\/\/greencourt.mgcomunicacio.com\/wp-content\/uploads\/2025\/04\/la-tierra-red-court-de-greencourt-protagonista-del-68-trofeo-conde-de-godo_55056.jpg 1024w, https:\/\/greencourt.mgcomunicacio.com\/wp-content\/uploads\/2025\/04\/la-tierra-red-court-de-greencourt-protagonista-del-68-trofeo-conde-de-godo_55056-600x400.jpg 600w, https:\/\/greencourt.mgcomunicacio.com\/wp-content\/uploads\/2025\/04\/la-tierra-red-court-de-greencourt-protagonista-del-68-trofeo-conde-de-godo_55056-300x200.jpg 300w, https:\/\/greencourt.mgcomunicacio.com\/wp-content\/uploads\/2025\/04\/la-tierra-red-court-de-greencourt-protagonista-del-68-trofeo-conde-de-godo_55056-768x512.jpg 768w, https:\/\/greencourt.mgcomunicacio.com\/wp-content\/uploads\/2025\/04\/la-tierra-red-court-de-greencourt-protagonista-del-68-trofeo-conde-de-godo_55056-340x226.jpg 340w, https:\/\/greencourt.mgcomunicacio.com\/wp-content\/uploads\/2025\/04\/la-tierra-red-court-de-greencourt-protagonista-del-68-trofeo-conde-de-godo_55056-140x93.jpg 140w\" sizes=\"auto, (max-width: 1024px) 100vw, 1024px\" \/><\/figure><\/div><div class=\"wp-block-greencourt-marges maq-contenidor fullwidth marge-superior-petit marge-inferior-\" data-aos=\"off\" data-aos-delay=\"aos_delay\"><figure class=\"wp-block-image size-full\"><img loading=\"lazy\" decoding=\"async\" width=\"1024\" height=\"682\" src=\"https:\/\/greencourt.mgcomunicacio.com\/wp-content\/uploads\/2025\/04\/la-tierra-red-court-de-greencourt-protagonista-del-68-trofeo-conde-de-godo_511662.jpg\" alt=\"\" class=\"wp-image-3525\" srcset=\"https:\/\/greencourt.mgcomunicacio.com\/wp-content\/uploads\/2025\/04\/la-tierra-red-court-de-greencourt-protagonista-del-68-trofeo-conde-de-godo_511662.jpg 1024w, https:\/\/greencourt.mgcomunicacio.com\/wp-content\/uploads\/2025\/04\/la-tierra-red-court-de-greencourt-protagonista-del-68-trofeo-conde-de-godo_511662-600x400.jpg 600w, https:\/\/greencourt.mgcomunicacio.com\/wp-content\/uploads\/2025\/04\/la-tierra-red-court-de-greencourt-protagonista-del-68-trofeo-conde-de-godo_511662-300x200.jpg 300w, https:\/\/greencourt.mgcomunicacio.com\/wp-content\/uploads\/2025\/04\/la-tierra-red-court-de-greencourt-protagonista-del-68-trofeo-conde-de-godo_511662-768x512.jpg 768w, https:\/\/greencourt.mgcomunicacio.com\/wp-content\/uploads\/2025\/04\/la-tierra-red-court-de-greencourt-protagonista-del-68-trofeo-conde-de-godo_511662-340x226.jpg 340w, https:\/\/greencourt.mgcomunicacio.com\/wp-content\/uploads\/2025\/04\/la-tierra-red-court-de-greencourt-protagonista-del-68-trofeo-conde-de-godo_511662-140x93.jpg 140w\" sizes=\"auto, (max-width: 1024px) 100vw, 1024px\" \/><\/figure><\/div><p><\/p><div style=\"height:15vh\" aria-hidden=\"true\" class=\"wp-block-spacer\"><\/div>","protected":false},"excerpt":{"rendered":"","protected":false},"author":1,"featured_media":3527,"comment_status":"closed","ping_status":"closed","sticky":false,"template":"","format":"standard","meta":{"_acf_changed":false,"footnotes":""},"categories":[202],"tags":[],"class_list":["post-5562","post","type-post","status-publish","format-standard","has-post-thumbnail","hentry","category-sense-categoria"],"acf":[],"_links":{"self":[{"href":"https:\/\/greencourt.mgcomunicacio.com\/ca\/wp-json\/wp\/v2\/posts\/5562","targetHints":{"allow":["GET"]}}],"collection":[{"href":"https:\/\/greencourt.mgcomunicacio.com\/ca\/wp-json\/wp\/v2\/posts"}],"about":[{"href":"https:\/\/greencourt.mgcomunicacio.com\/ca\/wp-json\/wp\/v2\/types\/post"}],"author":[{"embeddable":true,"href":"https:\/\/greencourt.mgcomunicacio.com\/ca\/wp-json\/wp\/v2\/users\/1"}],"replies":[{"embeddable":true,"href":"https:\/\/greencourt.mgcomunicacio.com\/ca\/wp-json\/wp\/v2\/comments?post=5562"}],"version-history":[{"count":2,"href":"https:\/\/greencourt.mgcomunicacio.com\/ca\/wp-json\/wp\/v2\/posts\/5562\/revisions"}],"predecessor-version":[{"id":6929,"href":"https:\/\/greencourt.mgcomunicacio.com\/ca\/wp-json\/wp\/v2\/posts\/5562\/revisions\/6929"}],"wp:featuredmedia":[{"embeddable":true,"href":"https:\/\/greencourt.mgcomunicacio.com\/ca\/wp-json\/wp\/v2\/media\/3527"}],"wp:attachment":[{"href":"https:\/\/greencourt.mgcomunicacio.com\/ca\/wp-json\/wp\/v2\/media?parent=5562"}],"wp:term":[{"taxonomy":"category","embeddable":true,"href":"https:\/\/greencourt.mgcomunicacio.com\/ca\/wp-json\/wp\/v2\/categories?post=5562"},{"taxonomy":"post_tag","embeddable":true,"href":"https:\/\/greencourt.mgcomunicacio.com\/ca\/wp-json\/wp\/v2\/tags?post=5562"}],"curies":[{"name":"wp","href":"https:\/\/api.w.org\/{rel}","templated":true}]}}