{"id":5569,"date":"2025-05-02T11:57:21","date_gmt":"2025-05-02T09:57:21","guid":{"rendered":"https:\/\/greencourt.mgcomunicacio.com\/greencourt-participa-en-la-43a-diada-del-tennis-catala\/"},"modified":"2025-12-04T13:08:30","modified_gmt":"2025-12-04T12:08:30","slug":"greencourt-participa-en-la-43a-diada-del-tennis-catala","status":"publish","type":"post","link":"https:\/\/greencourt.mgcomunicacio.com\/ca\/greencourt-participa-en-la-43a-diada-del-tennis-catala\/","title":{"rendered":"Greencourt participa en la 43a Diada del Tennis Catal\u00e0"},"content":{"rendered":"<div class=\"wp-block-greencourt-cabecera mod-cabecera f1_2\"><div class=\"slider\"><div class=\"wp-block-greencourt-cabecera-interior slide\"><div class=\"maq-contenidor\" style=\"backdrop-filter: blur(0px)\"><div class=\"text\"><h1 class=\"wp-block-heading has-text-align-center is-style-com_titular_1 has-blanc-color has-text-color has-link-color wp-elements-59041808df7427f1764c529a1aae8ee4\">43a Diada del<br\/>Tennis Catal\u00e0<\/h1><\/div><\/div><div class=\"image\" style=\"background-image:url(https:\/\/greencourt.mgcomunicacio.com\/wp-content\/uploads\/2025\/11\/Greencourt-participa-en-la-43a-Diada-del-Tenis-Catalan.jpg)\"><\/div><div style=\"background: #2b2b2b; opacity: calc(20\/100);\" class=\"capa-color\"><\/div><\/div><\/div><\/div><div class=\"wp-block-greencourt-marges maq-contenidor normal marge-superior-gran marge-inferior-\" data-aos=\"off\" data-aos-delay=\"aos_delay\"><h2 class=\"wp-block-heading is-style-com_titular_2\">Greencourt participa en la 43a Diada del Tennis Catal\u00e0, una cita emblem\u00e0tica celebrada en el marc del Catalonia Open.<\/h2>\n\n<div style=\"height:50px\" aria-hidden=\"true\" class=\"wp-block-spacer\"><\/div>\n\n<p class=\"is-style-com_titular_4\">El passat 2 de maig vam viure una jornada molt especial amb la celebraci\u00f3 de la 43a Diada del Tennis Catal\u00e0, un esdeveniment que cada any posa en valor l&#8217;esfor\u00e7, la traject\u00f2ria i el comprom\u00eds de totes les persones que formen part del tennis a Catalunya.<\/p>\n\n<p><\/p>\n\n<p class=\"is-style-com_titular_4\">Volem agrair al Club Tennis Vic la seva confian\u00e7a i l&#8217;excel\u00b7lent acollida durant tota la jornada. Per a Greencourt, \u00e9s un orgull participar en una cita tan representativa i acompanyar un club hist\u00f2ric que treballa dia a dia per impulsar el creixement del tennis. <\/p><\/div><div class=\"wp-block-greencourt-marges maq-contenidor ample-marge marge-superior-petit marge-inferior-petit\" data-aos=\"off\" data-aos-delay=\"aos_delay\"><p class=\"is-style-com_titular_1 has-taronja-greencourt-color has-text-color has-link-color wp-elements-9979122965abd3a90f4adb8c6bd3314f\">Posa en valor l&#8217;esfor\u00e7, la traject\u00f2ria i el comprom\u00eds.<\/p><\/div><div class=\"wp-block-greencourt-marges maq-contenidor normal marge-superior- marge-inferior-gran\" data-aos=\"off\" data-aos-delay=\"aos_delay\"><p class=\"is-style-com_titular_4\">La Diada es va celebrar en el marc del <strong>Catalonia Open<\/strong>, un torneig que reuneix jugadors, entrenadors, clubs i institucions amb un objectiu com\u00fa: continuar fent cr\u00e9ixer el tennis i projectar-lo cap al futur. Formar part d&#8217;aquest entorn i contribuir al seu desenvolupament \u00e9s una responsabilitat que assumim amb entusiasme. <\/p>\n\n<p class=\"is-style-com_titular_4\"><\/p>\n\n<p class=\"is-style-com_titular_4\">Des de Greencourt continuarem apostant per l&#8217;esport, la formaci\u00f3 i els valors que defineixen la nostra manera d&#8217;entendre el tennis.<\/p><\/div><div class=\"wp-block-greencourt-marges maq-contenidor fullwidth marge-superior-petit marge-inferior-\" data-aos=\"off\" data-aos-delay=\"aos_delay\"><figure class=\"wp-block-image size-full\"><img loading=\"lazy\" decoding=\"async\" width=\"2000\" height=\"1128\" src=\"https:\/\/greencourt.mgcomunicacio.com\/wp-content\/uploads\/2025\/11\/Greencourt-participa-en-la-43a-Diada-del-Tenis-Catalan-02.jpg\" alt=\"\" class=\"wp-image-3823\" srcset=\"https:\/\/greencourt.mgcomunicacio.com\/wp-content\/uploads\/2025\/11\/Greencourt-participa-en-la-43a-Diada-del-Tenis-Catalan-02.jpg 2000w, https:\/\/greencourt.mgcomunicacio.com\/wp-content\/uploads\/2025\/11\/Greencourt-participa-en-la-43a-Diada-del-Tenis-Catalan-02-600x338.jpg 600w, https:\/\/greencourt.mgcomunicacio.com\/wp-content\/uploads\/2025\/11\/Greencourt-participa-en-la-43a-Diada-del-Tenis-Catalan-02-300x169.jpg 300w, https:\/\/greencourt.mgcomunicacio.com\/wp-content\/uploads\/2025\/11\/Greencourt-participa-en-la-43a-Diada-del-Tenis-Catalan-02-1024x578.jpg 1024w, https:\/\/greencourt.mgcomunicacio.com\/wp-content\/uploads\/2025\/11\/Greencourt-participa-en-la-43a-Diada-del-Tenis-Catalan-02-768x433.jpg 768w, https:\/\/greencourt.mgcomunicacio.com\/wp-content\/uploads\/2025\/11\/Greencourt-participa-en-la-43a-Diada-del-Tenis-Catalan-02-1536x866.jpg 1536w, https:\/\/greencourt.mgcomunicacio.com\/wp-content\/uploads\/2025\/11\/Greencourt-participa-en-la-43a-Diada-del-Tenis-Catalan-02-340x192.jpg 340w, https:\/\/greencourt.mgcomunicacio.com\/wp-content\/uploads\/2025\/11\/Greencourt-participa-en-la-43a-Diada-del-Tenis-Catalan-02-140x79.jpg 140w\" sizes=\"auto, (max-width: 2000px) 100vw, 2000px\" \/><\/figure><\/div><div class=\"wp-block-greencourt-marges maq-contenidor fullwidth marge-superior-petit marge-inferior-\" data-aos=\"off\" data-aos-delay=\"aos_delay\"><figure class=\"wp-block-image size-full\"><img loading=\"lazy\" decoding=\"async\" width=\"2000\" height=\"1121\" src=\"https:\/\/greencourt.mgcomunicacio.com\/wp-content\/uploads\/2025\/11\/Greencourt-participa-en-la-43a-Diada-del-Tenis-Catalan-03.jpg\" alt=\"\" class=\"wp-image-3822\" srcset=\"https:\/\/greencourt.mgcomunicacio.com\/wp-content\/uploads\/2025\/11\/Greencourt-participa-en-la-43a-Diada-del-Tenis-Catalan-03.jpg 2000w, https:\/\/greencourt.mgcomunicacio.com\/wp-content\/uploads\/2025\/11\/Greencourt-participa-en-la-43a-Diada-del-Tenis-Catalan-03-600x336.jpg 600w, https:\/\/greencourt.mgcomunicacio.com\/wp-content\/uploads\/2025\/11\/Greencourt-participa-en-la-43a-Diada-del-Tenis-Catalan-03-300x168.jpg 300w, https:\/\/greencourt.mgcomunicacio.com\/wp-content\/uploads\/2025\/11\/Greencourt-participa-en-la-43a-Diada-del-Tenis-Catalan-03-1024x574.jpg 1024w, https:\/\/greencourt.mgcomunicacio.com\/wp-content\/uploads\/2025\/11\/Greencourt-participa-en-la-43a-Diada-del-Tenis-Catalan-03-768x430.jpg 768w, https:\/\/greencourt.mgcomunicacio.com\/wp-content\/uploads\/2025\/11\/Greencourt-participa-en-la-43a-Diada-del-Tenis-Catalan-03-1536x861.jpg 1536w, https:\/\/greencourt.mgcomunicacio.com\/wp-content\/uploads\/2025\/11\/Greencourt-participa-en-la-43a-Diada-del-Tenis-Catalan-03-340x191.jpg 340w, https:\/\/greencourt.mgcomunicacio.com\/wp-content\/uploads\/2025\/11\/Greencourt-participa-en-la-43a-Diada-del-Tenis-Catalan-03-140x78.jpg 140w\" sizes=\"auto, (max-width: 2000px) 100vw, 2000px\" \/><\/figure><\/div><div class=\"wp-block-greencourt-marges maq-contenidor fullwidth marge-superior-petit marge-inferior-\" data-aos=\"off\" data-aos-delay=\"aos_delay\"><figure class=\"wp-block-embed is-type-video is-provider-youtube wp-block-embed-youtube wp-embed-aspect-16-9 wp-has-aspect-ratio\"><div class=\"wp-block-embed__wrapper\">\n<iframe loading=\"lazy\" title=\"43a Diada del Tennis Catal\u00e0\" width=\"500\" height=\"281\" src=\"https:\/\/www.youtube.com\/embed\/pbaMBJj0CNA?feature=oembed\" frameborder=\"0\" allow=\"accelerometer; autoplay; clipboard-write; encrypted-media; gyroscope; picture-in-picture; web-share\" referrerpolicy=\"strict-origin-when-cross-origin\" allowfullscreen><\/iframe>\n<\/div><\/figure><\/div><div style=\"height:15vh\" aria-hidden=\"true\" class=\"wp-block-spacer\"><\/div><p><\/p><p><\/p>","protected":false},"excerpt":{"rendered":"","protected":false},"author":1,"featured_media":3820,"comment_status":"open","ping_status":"open","sticky":false,"template":"","format":"standard","meta":{"_acf_changed":false,"footnotes":""},"categories":[202],"tags":[],"class_list":["post-5569","post","type-post","status-publish","format-standard","has-post-thumbnail","hentry","category-sense-categoria"],"acf":[],"_links":{"self":[{"href":"https:\/\/greencourt.mgcomunicacio.com\/ca\/wp-json\/wp\/v2\/posts\/5569","targetHints":{"allow":["GET"]}}],"collection":[{"href":"https:\/\/greencourt.mgcomunicacio.com\/ca\/wp-json\/wp\/v2\/posts"}],"about":[{"href":"https:\/\/greencourt.mgcomunicacio.com\/ca\/wp-json\/wp\/v2\/types\/post"}],"author":[{"embeddable":true,"href":"https:\/\/greencourt.mgcomunicacio.com\/ca\/wp-json\/wp\/v2\/users\/1"}],"replies":[{"embeddable":true,"href":"https:\/\/greencourt.mgcomunicacio.com\/ca\/wp-json\/wp\/v2\/comments?post=5569"}],"version-history":[{"count":1,"href":"https:\/\/greencourt.mgcomunicacio.com\/ca\/wp-json\/wp\/v2\/posts\/5569\/revisions"}],"predecessor-version":[{"id":5573,"href":"https:\/\/greencourt.mgcomunicacio.com\/ca\/wp-json\/wp\/v2\/posts\/5569\/revisions\/5573"}],"wp:featuredmedia":[{"embeddable":true,"href":"https:\/\/greencourt.mgcomunicacio.com\/ca\/wp-json\/wp\/v2\/media\/3820"}],"wp:attachment":[{"href":"https:\/\/greencourt.mgcomunicacio.com\/ca\/wp-json\/wp\/v2\/media?parent=5569"}],"wp:term":[{"taxonomy":"category","embeddable":true,"href":"https:\/\/greencourt.mgcomunicacio.com\/ca\/wp-json\/wp\/v2\/categories?post=5569"},{"taxonomy":"post_tag","embeddable":true,"href":"https:\/\/greencourt.mgcomunicacio.com\/ca\/wp-json\/wp\/v2\/tags?post=5569"}],"curies":[{"name":"wp","href":"https:\/\/api.w.org\/{rel}","templated":true}]}}