{"id":5574,"date":"2023-04-09T17:14:00","date_gmt":"2023-04-09T15:14:00","guid":{"rendered":"https:\/\/greencourt.mgcomunicacio.com\/greencourt-nou-proveidor-oficial-de-la-fct-federacio-catalana-de-tennis\/"},"modified":"2025-12-11T09:13:02","modified_gmt":"2025-12-11T08:13:02","slug":"greencourt-nou-proveidor-oficial-de-la-fct-federacio-catalana-de-tennis","status":"publish","type":"post","link":"https:\/\/greencourt.mgcomunicacio.com\/ca\/greencourt-nou-proveidor-oficial-de-la-fct-federacio-catalana-de-tennis\/","title":{"rendered":"Greencourt, nou Prove\u00efdor Oficial de la FCT (Federaci\u00f3 Catalana de Tennis)"},"content":{"rendered":"<div class=\"wp-block-greencourt-cabecera mod-cabecera f1_2\"><div class=\"slider\"><div class=\"wp-block-greencourt-cabecera-interior slide\"><div class=\"maq-contenidor\" style=\"backdrop-filter: blur(0px)\"><div class=\"text\"><h1 class=\"wp-block-heading has-text-align-center is-style-com_titular_1 has-blanc-color has-text-color has-link-color wp-elements-0960ca8218e44f11483572a0b11b6ad3\">Som prove\u00efdor oficial de la FCT<\/h1><\/div><\/div><div class=\"image\" style=\"background-image:url(https:\/\/greencourt.mgcomunicacio.com\/wp-content\/uploads\/2025\/04\/Greencourt-nuevo-Proveedor-Oficial-de-la-FCT-01-1.jpg)\"><\/div><div style=\"background: #2b2b2b; opacity: calc(20\/100);\" class=\"capa-color\"><\/div><\/div><\/div><\/div><div class=\"wp-block-greencourt-marges maq-contenidor normal marge-superior-gran marge-inferior-\" data-aos=\"off\" data-aos-delay=\"aos_delay\"><h2 class=\"wp-block-heading is-style-com_titular_2\">Greencourt, nou Prove\u00efdor Oficial de la FCT (Federaci\u00f3 Catalana de Tennis)<\/h2>\n\n<div style=\"height:50px\" aria-hidden=\"true\" class=\"wp-block-spacer\"><\/div>\n\n<p class=\"is-style-com_titular_4\">Greencourt es converteix en el nou prove\u00efdor oficial de la Federaci\u00f3 Catalana de Tennis (FCT). L&#8217;empresa, especialitzada en la construcci\u00f3, manteniment i rehabilitaci\u00f3 de pistes, aix\u00ed com en la venda de terra batuda, accessoris i il\u00b7luminaci\u00f3 esportiva, refor\u00e7a aix\u00ed el seu comprom\u00eds amb el tennis catal\u00e0 i amb un model de creixement basat en la qualitat, la innovaci\u00f3 i la sostenibilitat. <\/p>\n\n<p><\/p>\n\n<p class=\"is-style-com_titular_4\">Aquest acord s&#8217;emmarca dins del <strong>Pla de Sostenibilitat de la Federaci\u00f3<\/strong>, un full de ruta que promou la transici\u00f3 cap a un model m\u00e9s respectu\u00f3s amb el medi ambient. L&#8217;objectiu com\u00fa \u00e9s clar: treballar conjuntament perqu\u00e8 tots els clubs de tennis de Catalunya puguin avan\u00e7ar cap a instal\u00b7lacions m\u00e9s eficients, sostenibles i duradores. <\/p><\/div><div class=\"wp-block-greencourt-marges maq-contenidor ample-marge marge-superior-petit marge-inferior-petit\" data-aos=\"off\" data-aos-delay=\"aos_delay\"><p class=\"is-style-com_titular_1 has-taronja-greencourt-color has-text-color has-link-color wp-elements-2da3af2db71aff893ed462925e007ca1\">Una alian\u00e7a per impulsar la sostenibilitat en el tennis catal\u00e0.<\/p><\/div><div class=\"wp-block-greencourt-marges maq-contenidor normal marge-superior- marge-inferior-gran\" data-aos=\"off\" data-aos-delay=\"aos_delay\"><p class=\"is-style-com_titular_4\">Com a empresa l\u00edder en construccions esportives i especialista en <a href=\"https:\/\/greencourt.mgcomunicacio.com\/ca\/categoria-producte\/tennis\/terra-batuda\/\" data-type=\"product_cat\" data-id=\"161\">terra batuda, Greencourt<\/a> est\u00e0 desenvolupant projectes orientats a reduir l&#8217;impacte ambiental i millorar l&#8217;experi\u00e8ncia de joc. Entre ells, destaca el desenvolupament d&#8217;una terra batuda sostenible, dissenyada per oferir una elasticitat \u00f2ptima, una major retenci\u00f3 de la humitat i un drenatge perfecte, garantint aix\u00ed un rendiment esportiu excel\u00b7lent amb un menor consum de recursos naturals.<\/p>\n\n<p><\/p>\n\n<p class=\"is-style-com_titular_4\">Amb aquesta alian\u00e7a, la Federaci\u00f3 Catalana de Tennis i Greencourt uneixen esfor\u00e7os i s&#8217;adhereixen a l&#8217;Agenda 2030 de les Nacions Unides, que marca 17 Objectius de Desenvolupament Sostenible per transformar el m\u00f3n. Una col\u00b7laboraci\u00f3 que reafirma el comprom\u00eds d&#8217;ambdues entitats amb l&#8217;esport, la comunitat i el planeta. <\/p><\/div><div class=\"wp-block-greencourt-marges maq-contenidor fullwidth marge-superior-petit marge-inferior-\" data-aos=\"off\" data-aos-delay=\"aos_delay\"><figure class=\"wp-block-image size-full\"><img loading=\"lazy\" decoding=\"async\" width=\"2000\" height=\"1193\" src=\"https:\/\/greencourt.mgcomunicacio.com\/wp-content\/uploads\/2025\/04\/Greencourt-nuevo-Proveedor-Oficial-de-la-FCT-02.jpg\" alt=\"\" class=\"wp-image-3537\" srcset=\"https:\/\/greencourt.mgcomunicacio.com\/wp-content\/uploads\/2025\/04\/Greencourt-nuevo-Proveedor-Oficial-de-la-FCT-02.jpg 2000w, https:\/\/greencourt.mgcomunicacio.com\/wp-content\/uploads\/2025\/04\/Greencourt-nuevo-Proveedor-Oficial-de-la-FCT-02-600x358.jpg 600w, https:\/\/greencourt.mgcomunicacio.com\/wp-content\/uploads\/2025\/04\/Greencourt-nuevo-Proveedor-Oficial-de-la-FCT-02-300x179.jpg 300w, https:\/\/greencourt.mgcomunicacio.com\/wp-content\/uploads\/2025\/04\/Greencourt-nuevo-Proveedor-Oficial-de-la-FCT-02-1024x611.jpg 1024w, https:\/\/greencourt.mgcomunicacio.com\/wp-content\/uploads\/2025\/04\/Greencourt-nuevo-Proveedor-Oficial-de-la-FCT-02-768x458.jpg 768w, https:\/\/greencourt.mgcomunicacio.com\/wp-content\/uploads\/2025\/04\/Greencourt-nuevo-Proveedor-Oficial-de-la-FCT-02-1536x916.jpg 1536w, https:\/\/greencourt.mgcomunicacio.com\/wp-content\/uploads\/2025\/04\/Greencourt-nuevo-Proveedor-Oficial-de-la-FCT-02-340x203.jpg 340w, https:\/\/greencourt.mgcomunicacio.com\/wp-content\/uploads\/2025\/04\/Greencourt-nuevo-Proveedor-Oficial-de-la-FCT-02-140x84.jpg 140w\" sizes=\"auto, (max-width: 2000px) 100vw, 2000px\" \/><\/figure><\/div><p><\/p><div style=\"height:15vh\" aria-hidden=\"true\" class=\"wp-block-spacer\"><\/div><p><\/p><p><\/p>","protected":false},"excerpt":{"rendered":"","protected":false},"author":1,"featured_media":3537,"comment_status":"closed","ping_status":"closed","sticky":false,"template":"","format":"standard","meta":{"_acf_changed":false,"footnotes":""},"categories":[202],"tags":[],"class_list":["post-5574","post","type-post","status-publish","format-standard","has-post-thumbnail","hentry","category-sense-categoria"],"acf":[],"_links":{"self":[{"href":"https:\/\/greencourt.mgcomunicacio.com\/ca\/wp-json\/wp\/v2\/posts\/5574","targetHints":{"allow":["GET"]}}],"collection":[{"href":"https:\/\/greencourt.mgcomunicacio.com\/ca\/wp-json\/wp\/v2\/posts"}],"about":[{"href":"https:\/\/greencourt.mgcomunicacio.com\/ca\/wp-json\/wp\/v2\/types\/post"}],"author":[{"embeddable":true,"href":"https:\/\/greencourt.mgcomunicacio.com\/ca\/wp-json\/wp\/v2\/users\/1"}],"replies":[{"embeddable":true,"href":"https:\/\/greencourt.mgcomunicacio.com\/ca\/wp-json\/wp\/v2\/comments?post=5574"}],"version-history":[{"count":2,"href":"https:\/\/greencourt.mgcomunicacio.com\/ca\/wp-json\/wp\/v2\/posts\/5574\/revisions"}],"predecessor-version":[{"id":6930,"href":"https:\/\/greencourt.mgcomunicacio.com\/ca\/wp-json\/wp\/v2\/posts\/5574\/revisions\/6930"}],"wp:featuredmedia":[{"embeddable":true,"href":"https:\/\/greencourt.mgcomunicacio.com\/ca\/wp-json\/wp\/v2\/media\/3537"}],"wp:attachment":[{"href":"https:\/\/greencourt.mgcomunicacio.com\/ca\/wp-json\/wp\/v2\/media?parent=5574"}],"wp:term":[{"taxonomy":"category","embeddable":true,"href":"https:\/\/greencourt.mgcomunicacio.com\/ca\/wp-json\/wp\/v2\/categories?post=5574"},{"taxonomy":"post_tag","embeddable":true,"href":"https:\/\/greencourt.mgcomunicacio.com\/ca\/wp-json\/wp\/v2\/tags?post=5574"}],"curies":[{"name":"wp","href":"https:\/\/api.w.org\/{rel}","templated":true}]}}