{"id":5590,"date":"2025-10-25T11:11:15","date_gmt":"2025-10-25T09:11:15","guid":{"rendered":"https:\/\/greencourt.mgcomunicacio.com\/inauguracio-de-les-noves-installacions-del-club-de-tennis-sabadell\/"},"modified":"2025-12-04T13:08:39","modified_gmt":"2025-12-04T12:08:39","slug":"inauguracio-de-les-noves-installacions-del-club-de-tennis-sabadell","status":"publish","type":"post","link":"https:\/\/greencourt.mgcomunicacio.com\/ca\/inauguracio-de-les-noves-installacions-del-club-de-tennis-sabadell\/","title":{"rendered":"Inauguraci\u00f3 de les noves instal\u00b7lacions del Club de Tennis Sabadell"},"content":{"rendered":"<div class=\"wp-block-greencourt-cabecera mod-cabecera f1_2\"><div class=\"slider\"><div class=\"wp-block-greencourt-cabecera-interior slide\"><div class=\"maq-contenidor\" style=\"backdrop-filter: blur(0px)\"><div class=\"text\"><h1 class=\"wp-block-heading has-text-align-center is-style-com_titular_1 has-blanc-color has-text-color has-link-color wp-elements-623cf9c4e5165223e5d250b0e6e7d14c\">Noves instal\u00b7lacions del Club de Tennis Sabadell<\/h1><\/div><\/div><div class=\"image\" style=\"background-image:url(https:\/\/greencourt.mgcomunicacio.com\/wp-content\/uploads\/2025\/10\/Inauguracion-de-las-nuevas-instalaciones-del-Club-de-Tennis-Sabadell-06.jpg)\"><\/div><div style=\"background: #2b2b2b; opacity: calc(20\/100);\" class=\"capa-color\"><\/div><\/div><\/div><\/div><div class=\"wp-block-greencourt-marges maq-contenidor normal marge-superior-gran marge-inferior-\" data-aos=\"off\" data-aos-delay=\"aos_delay\"><h2 class=\"wp-block-heading is-style-com_titular_2\">Un projecte que eleva el nivell del Club Tennis Sabadell i consolida una nova etapa per als seus socis i esportistes. <\/h2>\n\n<div style=\"height:50px\" aria-hidden=\"true\" class=\"wp-block-spacer\"><\/div>\n\n<p class=\"is-style-com_titular_4\">El passat dissabte 25 d&#8217;octubre, vam viure un moment molt especial amb la inauguraci\u00f3 de les noves instal\u00b7lacions del Club de Tennis Sabadell. Un projecte que marca un abans i un despr\u00e9s, fruit de mesos de feina intensa, coordinaci\u00f3 constant i un esfor\u00e7 compartit entre tots els equips implicats. <\/p>\n\n<p><\/p>\n\n<p class=\"is-style-com_titular_4\">Des de Greencourt, estem profundament orgullosos d&#8217;haver format part d&#8217;aquesta transformaci\u00f3. Les 9 pistes de p\u00e0del, les 4 pistes de tennis i l&#8217;ampliaci\u00f3 de l&#8217;aparcament ja s\u00f3n una realitat plenament operativa, pensada per oferir el m\u00e0xim rendiment i comoditat a socis i esportistes. <\/p><\/div><div class=\"wp-block-greencourt-marges maq-contenidor ample-marge marge-superior-petit marge-inferior-petit\" data-aos=\"off\" data-aos-delay=\"aos_delay\"><p class=\"is-style-com_titular_1 has-taronja-greencourt-color has-text-color has-link-color wp-elements-b336d86ce09d08db6bb5b96bff0f37ee\">9 pistes de p\u00e0del, 4 pistes de tennis i un p\u00e0rquing ampliat.<\/p><\/div><div class=\"wp-block-greencourt-marges maq-contenidor normal marge-superior- marge-inferior-gran\" data-aos=\"off\" data-aos-delay=\"aos_delay\"><p class=\"is-style-com_titular_4\">Volem expressar el nostre agra\u00efment m\u00e9s sincer a la direcci\u00f3 del club per la seva excel\u00b7lent gesti\u00f3, per la confian\u00e7a dipositada en nosaltres i per la facilitat amb qu\u00e8 hem pogut avan\u00e7ar en cada fase del projecte.<br\/><\/p>\n\n<p class=\"is-style-com_titular_4\">Agra\u00efm tamb\u00e9 a l&#8217;alcaldessa, als regidors i a les federacions la seva pres\u00e8ncia i suport en una jornada tan significativa. Ens il\u00b7lusiona veure com aquestes instal\u00b7lacions es consolidaran com un espai de creixement, esport i comunitat durant els propers anys. <\/p><\/div><div class=\"wp-block-greencourt-marges maq-contenidor fullwidth marge-superior-petit marge-inferior-\" data-aos=\"off\" data-aos-delay=\"aos_delay\"><figure class=\"wp-block-image size-full\"><img loading=\"lazy\" decoding=\"async\" width=\"2000\" height=\"1355\" src=\"https:\/\/greencourt.mgcomunicacio.com\/wp-content\/uploads\/2025\/10\/Inauguracion-de-las-nuevas-instalaciones-del-Club-de-Tennis-Sabadell-01.jpg\" alt=\"\" class=\"wp-image-3794\" srcset=\"https:\/\/greencourt.mgcomunicacio.com\/wp-content\/uploads\/2025\/10\/Inauguracion-de-las-nuevas-instalaciones-del-Club-de-Tennis-Sabadell-01.jpg 2000w, https:\/\/greencourt.mgcomunicacio.com\/wp-content\/uploads\/2025\/10\/Inauguracion-de-las-nuevas-instalaciones-del-Club-de-Tennis-Sabadell-01-600x407.jpg 600w, https:\/\/greencourt.mgcomunicacio.com\/wp-content\/uploads\/2025\/10\/Inauguracion-de-las-nuevas-instalaciones-del-Club-de-Tennis-Sabadell-01-300x203.jpg 300w, https:\/\/greencourt.mgcomunicacio.com\/wp-content\/uploads\/2025\/10\/Inauguracion-de-las-nuevas-instalaciones-del-Club-de-Tennis-Sabadell-01-1024x694.jpg 1024w, https:\/\/greencourt.mgcomunicacio.com\/wp-content\/uploads\/2025\/10\/Inauguracion-de-las-nuevas-instalaciones-del-Club-de-Tennis-Sabadell-01-768x520.jpg 768w, https:\/\/greencourt.mgcomunicacio.com\/wp-content\/uploads\/2025\/10\/Inauguracion-de-las-nuevas-instalaciones-del-Club-de-Tennis-Sabadell-01-1536x1041.jpg 1536w, https:\/\/greencourt.mgcomunicacio.com\/wp-content\/uploads\/2025\/10\/Inauguracion-de-las-nuevas-instalaciones-del-Club-de-Tennis-Sabadell-01-340x230.jpg 340w, https:\/\/greencourt.mgcomunicacio.com\/wp-content\/uploads\/2025\/10\/Inauguracion-de-las-nuevas-instalaciones-del-Club-de-Tennis-Sabadell-01-140x95.jpg 140w\" sizes=\"auto, (max-width: 2000px) 100vw, 2000px\" \/><\/figure><\/div><div class=\"wp-block-greencourt-marges maq-contenidor fullwidth marge-superior-petit marge-inferior-\" data-aos=\"off\" data-aos-delay=\"aos_delay\"><figure class=\"wp-block-image size-full\"><img loading=\"lazy\" decoding=\"async\" width=\"2000\" height=\"1495\" src=\"https:\/\/greencourt.mgcomunicacio.com\/wp-content\/uploads\/2025\/10\/Inauguracion-de-las-nuevas-instalaciones-del-Club-de-Tennis-Sabadell-04.jpg\" alt=\"\" class=\"wp-image-3791\" srcset=\"https:\/\/greencourt.mgcomunicacio.com\/wp-content\/uploads\/2025\/10\/Inauguracion-de-las-nuevas-instalaciones-del-Club-de-Tennis-Sabadell-04.jpg 2000w, https:\/\/greencourt.mgcomunicacio.com\/wp-content\/uploads\/2025\/10\/Inauguracion-de-las-nuevas-instalaciones-del-Club-de-Tennis-Sabadell-04-600x449.jpg 600w, https:\/\/greencourt.mgcomunicacio.com\/wp-content\/uploads\/2025\/10\/Inauguracion-de-las-nuevas-instalaciones-del-Club-de-Tennis-Sabadell-04-300x224.jpg 300w, https:\/\/greencourt.mgcomunicacio.com\/wp-content\/uploads\/2025\/10\/Inauguracion-de-las-nuevas-instalaciones-del-Club-de-Tennis-Sabadell-04-1024x765.jpg 1024w, https:\/\/greencourt.mgcomunicacio.com\/wp-content\/uploads\/2025\/10\/Inauguracion-de-las-nuevas-instalaciones-del-Club-de-Tennis-Sabadell-04-768x574.jpg 768w, https:\/\/greencourt.mgcomunicacio.com\/wp-content\/uploads\/2025\/10\/Inauguracion-de-las-nuevas-instalaciones-del-Club-de-Tennis-Sabadell-04-1536x1148.jpg 1536w, https:\/\/greencourt.mgcomunicacio.com\/wp-content\/uploads\/2025\/10\/Inauguracion-de-las-nuevas-instalaciones-del-Club-de-Tennis-Sabadell-04-340x254.jpg 340w, https:\/\/greencourt.mgcomunicacio.com\/wp-content\/uploads\/2025\/10\/Inauguracion-de-las-nuevas-instalaciones-del-Club-de-Tennis-Sabadell-04-140x105.jpg 140w\" sizes=\"auto, (max-width: 2000px) 100vw, 2000px\" \/><\/figure><\/div><div class=\"wp-block-greencourt-marges maq-contenidor fullwidth marge-superior-petit marge-inferior-\" data-aos=\"off\" data-aos-delay=\"aos_delay\"><figure class=\"wp-block-image size-full\"><img loading=\"lazy\" decoding=\"async\" width=\"2000\" height=\"1148\" src=\"https:\/\/greencourt.mgcomunicacio.com\/wp-content\/uploads\/2025\/10\/Inauguracion-de-las-nuevas-instalaciones-del-Club-de-Tennis-Sabadell-02.jpg\" alt=\"\" class=\"wp-image-3793\" srcset=\"https:\/\/greencourt.mgcomunicacio.com\/wp-content\/uploads\/2025\/10\/Inauguracion-de-las-nuevas-instalaciones-del-Club-de-Tennis-Sabadell-02.jpg 2000w, https:\/\/greencourt.mgcomunicacio.com\/wp-content\/uploads\/2025\/10\/Inauguracion-de-las-nuevas-instalaciones-del-Club-de-Tennis-Sabadell-02-600x344.jpg 600w, https:\/\/greencourt.mgcomunicacio.com\/wp-content\/uploads\/2025\/10\/Inauguracion-de-las-nuevas-instalaciones-del-Club-de-Tennis-Sabadell-02-300x172.jpg 300w, https:\/\/greencourt.mgcomunicacio.com\/wp-content\/uploads\/2025\/10\/Inauguracion-de-las-nuevas-instalaciones-del-Club-de-Tennis-Sabadell-02-1024x588.jpg 1024w, https:\/\/greencourt.mgcomunicacio.com\/wp-content\/uploads\/2025\/10\/Inauguracion-de-las-nuevas-instalaciones-del-Club-de-Tennis-Sabadell-02-768x441.jpg 768w, https:\/\/greencourt.mgcomunicacio.com\/wp-content\/uploads\/2025\/10\/Inauguracion-de-las-nuevas-instalaciones-del-Club-de-Tennis-Sabadell-02-1536x882.jpg 1536w, https:\/\/greencourt.mgcomunicacio.com\/wp-content\/uploads\/2025\/10\/Inauguracion-de-las-nuevas-instalaciones-del-Club-de-Tennis-Sabadell-02-340x195.jpg 340w, https:\/\/greencourt.mgcomunicacio.com\/wp-content\/uploads\/2025\/10\/Inauguracion-de-las-nuevas-instalaciones-del-Club-de-Tennis-Sabadell-02-140x80.jpg 140w\" sizes=\"auto, (max-width: 2000px) 100vw, 2000px\" \/><\/figure><\/div><div class=\"wp-block-greencourt-marges maq-contenidor fullwidth marge-superior-petit marge-inferior-\" data-aos=\"off\" data-aos-delay=\"aos_delay\"><figure class=\"wp-block-image size-full\"><img loading=\"lazy\" decoding=\"async\" width=\"2000\" height=\"1497\" src=\"https:\/\/greencourt.mgcomunicacio.com\/wp-content\/uploads\/2025\/10\/Inauguracion-de-las-nuevas-instalaciones-del-Club-de-Tennis-Sabadell-05.jpg\" alt=\"\" class=\"wp-image-3790\" srcset=\"https:\/\/greencourt.mgcomunicacio.com\/wp-content\/uploads\/2025\/10\/Inauguracion-de-las-nuevas-instalaciones-del-Club-de-Tennis-Sabadell-05.jpg 2000w, https:\/\/greencourt.mgcomunicacio.com\/wp-content\/uploads\/2025\/10\/Inauguracion-de-las-nuevas-instalaciones-del-Club-de-Tennis-Sabadell-05-600x449.jpg 600w, https:\/\/greencourt.mgcomunicacio.com\/wp-content\/uploads\/2025\/10\/Inauguracion-de-las-nuevas-instalaciones-del-Club-de-Tennis-Sabadell-05-300x225.jpg 300w, https:\/\/greencourt.mgcomunicacio.com\/wp-content\/uploads\/2025\/10\/Inauguracion-de-las-nuevas-instalaciones-del-Club-de-Tennis-Sabadell-05-1024x766.jpg 1024w, https:\/\/greencourt.mgcomunicacio.com\/wp-content\/uploads\/2025\/10\/Inauguracion-de-las-nuevas-instalaciones-del-Club-de-Tennis-Sabadell-05-768x575.jpg 768w, https:\/\/greencourt.mgcomunicacio.com\/wp-content\/uploads\/2025\/10\/Inauguracion-de-las-nuevas-instalaciones-del-Club-de-Tennis-Sabadell-05-1536x1150.jpg 1536w, https:\/\/greencourt.mgcomunicacio.com\/wp-content\/uploads\/2025\/10\/Inauguracion-de-las-nuevas-instalaciones-del-Club-de-Tennis-Sabadell-05-340x254.jpg 340w, https:\/\/greencourt.mgcomunicacio.com\/wp-content\/uploads\/2025\/10\/Inauguracion-de-las-nuevas-instalaciones-del-Club-de-Tennis-Sabadell-05-140x105.jpg 140w\" sizes=\"auto, (max-width: 2000px) 100vw, 2000px\" \/><\/figure><\/div><div style=\"height:15vh\" aria-hidden=\"true\" class=\"wp-block-spacer\"><\/div><p><\/p><p><\/p>","protected":false},"excerpt":{"rendered":"","protected":false},"author":1,"featured_media":3792,"comment_status":"open","ping_status":"open","sticky":false,"template":"","format":"standard","meta":{"_acf_changed":false,"footnotes":""},"categories":[202],"tags":[],"class_list":["post-5590","post","type-post","status-publish","format-standard","has-post-thumbnail","hentry","category-sense-categoria"],"acf":[],"_links":{"self":[{"href":"https:\/\/greencourt.mgcomunicacio.com\/ca\/wp-json\/wp\/v2\/posts\/5590","targetHints":{"allow":["GET"]}}],"collection":[{"href":"https:\/\/greencourt.mgcomunicacio.com\/ca\/wp-json\/wp\/v2\/posts"}],"about":[{"href":"https:\/\/greencourt.mgcomunicacio.com\/ca\/wp-json\/wp\/v2\/types\/post"}],"author":[{"embeddable":true,"href":"https:\/\/greencourt.mgcomunicacio.com\/ca\/wp-json\/wp\/v2\/users\/1"}],"replies":[{"embeddable":true,"href":"https:\/\/greencourt.mgcomunicacio.com\/ca\/wp-json\/wp\/v2\/comments?post=5590"}],"version-history":[{"count":1,"href":"https:\/\/greencourt.mgcomunicacio.com\/ca\/wp-json\/wp\/v2\/posts\/5590\/revisions"}],"predecessor-version":[{"id":5595,"href":"https:\/\/greencourt.mgcomunicacio.com\/ca\/wp-json\/wp\/v2\/posts\/5590\/revisions\/5595"}],"wp:featuredmedia":[{"embeddable":true,"href":"https:\/\/greencourt.mgcomunicacio.com\/ca\/wp-json\/wp\/v2\/media\/3792"}],"wp:attachment":[{"href":"https:\/\/greencourt.mgcomunicacio.com\/ca\/wp-json\/wp\/v2\/media?parent=5590"}],"wp:term":[{"taxonomy":"category","embeddable":true,"href":"https:\/\/greencourt.mgcomunicacio.com\/ca\/wp-json\/wp\/v2\/categories?post=5590"},{"taxonomy":"post_tag","embeddable":true,"href":"https:\/\/greencourt.mgcomunicacio.com\/ca\/wp-json\/wp\/v2\/tags?post=5590"}],"curies":[{"name":"wp","href":"https:\/\/api.w.org\/{rel}","templated":true}]}}