{"id":5596,"date":"2025-07-12T10:52:03","date_gmt":"2025-07-12T08:52:03","guid":{"rendered":"https:\/\/greencourt.mgcomunicacio.com\/barcelona-tanca-la-19a-edicio-de-litf-world-tennis-master-tour-mt-1000-amb-record-historic-de-participacio\/"},"modified":"2025-12-04T13:08:39","modified_gmt":"2025-12-04T12:08:39","slug":"barcelona-tanca-la-19a-edicio-de-litf-world-tennis-master-tour-mt-1000-amb-record-historic-de-participacio","status":"publish","type":"post","link":"https:\/\/greencourt.mgcomunicacio.com\/ca\/barcelona-tanca-la-19a-edicio-de-litf-world-tennis-master-tour-mt-1000-amb-record-historic-de-participacio\/","title":{"rendered":"Barcelona tanca la 19a edici\u00f3 de l&#8217;ITF World Tennis Master Tour MT 1000 amb r\u00e8cord hist\u00f2ric de participaci\u00f3"},"content":{"rendered":"<div class=\"wp-block-greencourt-cabecera mod-cabecera f1_2\"><div class=\"slider\"><div class=\"wp-block-greencourt-cabecera-interior slide\"><div class=\"maq-contenidor\" style=\"backdrop-filter: blur(0px)\"><div class=\"text\"><p class=\"has-text-align-center is-style-com_titular_1 has-blanc-color has-text-color has-link-color wp-elements-a3f8668e88abb5bde98273d8e81a9276\">ITF World Tennis Master Tour MT 1000<\/p><\/div><\/div><div class=\"image\" style=\"background-image:url(https:\/\/greencourt.mgcomunicacio.com\/wp-content\/uploads\/2025\/11\/Barcelona-cierra-la-19a-edicion-del-ITF-World-Tennis-Master-Tour-MT-1000-con-record-historico-de-participacion-01.jpg)\"><\/div><div style=\"background: #2b2b2b; opacity: calc(20\/100);\" class=\"capa-color\"><\/div><\/div><\/div><\/div><div class=\"wp-block-greencourt-marges maq-contenidor normal marge-superior-gran marge-inferior-\" data-aos=\"off\" data-aos-delay=\"aos_delay\"><h1 class=\"wp-block-heading is-style-com_titular_2\">Barcelona tanca la 19a edici\u00f3 de l&#8217;ITF World Tennis Master Tour MT 1000 amb r\u00e8cord hist\u00f2ric de participaci\u00f3<\/h1>\n\n<div style=\"height:50px\" aria-hidden=\"true\" class=\"wp-block-spacer\"><\/div>\n\n<p class=\"is-style-com_titular_4\">Del 6 al 12 de juliol de 2025, Barcelona va tornar a convertir-se en l&#8217;epicentre del tennis internacional amb la celebraci\u00f3 de la 19a edici\u00f3 de l&#8217;ITF World Tennis Master Tour MT 1000 \u2013 Powered by factorenergia. El torneig va reunir 560 jugadors majors de 30 anys, consolidant-se com la competici\u00f3 de veterans m\u00e9s important de la pen\u00ednsula i assolint un r\u00e8cord absolut de participaci\u00f3, mostra del seu creixement constant any rere any. <\/p>\n\n<p><\/p>\n\n<p class=\"is-style-com_titular_4\">La ciutat comtal, amb la seva combinaci\u00f3 \u00fanica de sol, mar, arquitectura i hist\u00f2ria, va ser l&#8217;escenari perfecte perqu\u00e8 participants i acompanyants gaudissin de Barcelona durant el mes de juliol. A m\u00e9s, la seva excel\u00b7lent xarxa de transport p\u00fablic \u2014tramvia, autob\u00fas, metro i ferrocarril\u2014 va facilitar l&#8217;acc\u00e9s c\u00f2mode i r\u00e0pid a tots els punts del torneig. <\/p><\/div><div class=\"wp-block-greencourt-marges maq-contenidor ample-marge marge-superior-petit marge-inferior-petit\" data-aos=\"off\" data-aos-delay=\"aos_delay\"><p class=\"is-style-com_titular_1 has-taronja-greencourt-color has-text-color has-link-color wp-elements-506812c29a4e1278bbd9e04017106b61\">Una edici\u00f3 hist\u00f2rica que consolida Barcelona com a referent internacional del tennis.<\/p><\/div><div class=\"wp-block-greencourt-marges maq-contenidor normal marge-superior- marge-inferior-gran\" data-aos=\"off\" data-aos-delay=\"aos_delay\"><p class=\"is-style-com_titular_4\">Un total de 120 socis i s\u00f2cies del Club van competir en aquesta edici\u00f3, amb l&#8217;oportunitat d&#8217;enfrontar-se a jugadors de gran nivell procedents de diversos pa\u00efsos. L&#8217;esdeveniment, que enguany estrenava el grau m\u00e0xim atorgat per la Federaci\u00f3 Internacional de Tennis, va oferir tamb\u00e9 una experi\u00e8ncia paral\u00b7lela molt din\u00e0mica: food trucks, m\u00fasica en directe i degustacions que van animar l&#8217;ambient durant tota la setmana. <\/p><\/div><div class=\"wp-block-greencourt-marges maq-contenidor fullwidth marge-superior-petit marge-inferior-\" data-aos=\"off\" data-aos-delay=\"aos_delay\"><figure class=\"wp-block-embed is-type-video is-provider-youtube wp-block-embed-youtube wp-embed-aspect-16-9 wp-has-aspect-ratio\"><div class=\"wp-block-embed__wrapper\">\n<iframe loading=\"lazy\" title=\"XIX ITF MT1000 Barcelona Powered by factorenergia\" width=\"500\" height=\"281\" src=\"https:\/\/www.youtube.com\/embed\/EWtLAbbzYZk?feature=oembed\" frameborder=\"0\" allow=\"accelerometer; autoplay; clipboard-write; encrypted-media; gyroscope; picture-in-picture; web-share\" referrerpolicy=\"strict-origin-when-cross-origin\" allowfullscreen><\/iframe>\n<\/div><\/figure><\/div><p><\/p><div style=\"height:15vh\" aria-hidden=\"true\" class=\"wp-block-spacer\"><\/div><p><\/p><p><\/p>","protected":false},"excerpt":{"rendered":"","protected":false},"author":1,"featured_media":4208,"comment_status":"open","ping_status":"open","sticky":false,"template":"","format":"standard","meta":{"_acf_changed":false,"footnotes":""},"categories":[202],"tags":[],"class_list":["post-5596","post","type-post","status-publish","format-standard","has-post-thumbnail","hentry","category-sense-categoria"],"acf":[],"_links":{"self":[{"href":"https:\/\/greencourt.mgcomunicacio.com\/ca\/wp-json\/wp\/v2\/posts\/5596","targetHints":{"allow":["GET"]}}],"collection":[{"href":"https:\/\/greencourt.mgcomunicacio.com\/ca\/wp-json\/wp\/v2\/posts"}],"about":[{"href":"https:\/\/greencourt.mgcomunicacio.com\/ca\/wp-json\/wp\/v2\/types\/post"}],"author":[{"embeddable":true,"href":"https:\/\/greencourt.mgcomunicacio.com\/ca\/wp-json\/wp\/v2\/users\/1"}],"replies":[{"embeddable":true,"href":"https:\/\/greencourt.mgcomunicacio.com\/ca\/wp-json\/wp\/v2\/comments?post=5596"}],"version-history":[{"count":1,"href":"https:\/\/greencourt.mgcomunicacio.com\/ca\/wp-json\/wp\/v2\/posts\/5596\/revisions"}],"predecessor-version":[{"id":5598,"href":"https:\/\/greencourt.mgcomunicacio.com\/ca\/wp-json\/wp\/v2\/posts\/5596\/revisions\/5598"}],"wp:featuredmedia":[{"embeddable":true,"href":"https:\/\/greencourt.mgcomunicacio.com\/ca\/wp-json\/wp\/v2\/media\/4208"}],"wp:attachment":[{"href":"https:\/\/greencourt.mgcomunicacio.com\/ca\/wp-json\/wp\/v2\/media?parent=5596"}],"wp:term":[{"taxonomy":"category","embeddable":true,"href":"https:\/\/greencourt.mgcomunicacio.com\/ca\/wp-json\/wp\/v2\/categories?post=5596"},{"taxonomy":"post_tag","embeddable":true,"href":"https:\/\/greencourt.mgcomunicacio.com\/ca\/wp-json\/wp\/v2\/tags?post=5596"}],"curies":[{"name":"wp","href":"https:\/\/api.w.org\/{rel}","templated":true}]}}