{"id":5609,"date":"2025-10-12T11:38:45","date_gmt":"2025-10-12T09:38:45","guid":{"rendered":"https:\/\/greencourt.mgcomunicacio.com\/xxi-mini-cup-trofeu-greencourt-del-reial-club-de-polo-de-barcelona\/"},"modified":"2025-12-04T13:08:39","modified_gmt":"2025-12-04T12:08:39","slug":"xxi-mini-cup-trofeu-greencourt-del-reial-club-de-polo-de-barcelona","status":"publish","type":"post","link":"https:\/\/greencourt.mgcomunicacio.com\/ca\/xxi-mini-cup-trofeu-greencourt-del-reial-club-de-polo-de-barcelona\/","title":{"rendered":"XXI Mini Cup-Trofeu Greencourt del Reial Club de Polo de Barcelona"},"content":{"rendered":"<div class=\"wp-block-greencourt-cabecera mod-cabecera f1_2\"><div class=\"slider\"><div class=\"wp-block-greencourt-cabecera-interior slide\"><div class=\"maq-contenidor\" style=\"backdrop-filter: blur(0px)\"><div class=\"text\"><p class=\"has-text-align-center is-style-com_titular_1 has-blanc-color has-text-color has-link-color wp-elements-e15dbf872d2744c0c316a05ec3a8a99d\">XXI Mini Cup-Trofeu Greencourt<\/p><\/div><\/div><div class=\"image\" style=\"background-image:url(https:\/\/greencourt.mgcomunicacio.com\/wp-content\/uploads\/2025\/11\/Noticia-XXI-Mini-Cup-Trofeu-Greencourt-Polo-Barcelona-01-1.jpg)\"><\/div><div style=\"background: #2b2b2b; opacity: calc(20\/100);\" class=\"capa-color\"><\/div><\/div><\/div><\/div><div class=\"wp-block-greencourt-marges maq-contenidor normal marge-superior-gran marge-inferior-\" data-aos=\"off\" data-aos-delay=\"aos_delay\"><h1 class=\"wp-block-heading is-style-com_titular_2\">XXI Mini Cup-Trofeu Greencourt del Reial Club de Polo de Barcelona<\/h1>\n\n<div style=\"height:50px\" aria-hidden=\"true\" class=\"wp-block-spacer\"><\/div>\n\n<p class=\"is-style-com_titular_4\">Ahir va concloure la <a href=\"https:\/\/www.minicuprcpolo.com\/\" target=\"_blank\" rel=\"noreferrer noopener\">XXI Mini Cup \u2013 Trofeu Greencourt<\/a> de tennis, una edici\u00f3 que ha superat totes les expectatives gr\u00e0cies a una participaci\u00f3 extraordin\u00e0ria de gaireb\u00e9 500 nens i nenes de categories prebenjam\u00ed i benjam\u00ed, procedents de 16 clubs de tota Catalunya.<\/p>\n\n<p><\/p>\n\n<p class=\"is-style-com_titular_4\">Va ser una aut\u00e8ntica celebraci\u00f3 del tennis formatiu, una trobada on es va respirar il\u00b7lusi\u00f3, aprenentatge i esperit esportiu a cada pista. Des de Greencourt, ens enorgulleix donar suport a iniciatives que impulsen l&#8217;esport base i fomenten els valors que defineixen el nostre sector: esfor\u00e7, companyerisme i passi\u00f3 per l&#8217;esport. <\/p><\/div><div class=\"wp-block-greencourt-marges maq-contenidor ample-marge marge-superior-petit marge-inferior-petit\" data-aos=\"off\" data-aos-delay=\"aos_delay\"><p class=\"is-style-com_titular_1 has-taronja-greencourt-color has-text-color has-link-color wp-elements-1e727c7fa7b1a115728c689b1ba09c0c\">Gaireb\u00e9 500 nens i nenes de 16 clubs catalans.<\/p><\/div><div class=\"wp-block-greencourt-marges maq-contenidor normal marge-superior- marge-inferior-gran\" data-aos=\"off\" data-aos-delay=\"aos_delay\"><p class=\"is-style-com_titular_4\">Agra\u00efm a tots els clubs, fam\u00edlies, monitors i organitzaci\u00f3 el seu comprom\u00eds per fer possible una jornada tan especial. Sens dubte, la Mini Cup continua creixent any rere any com un referent en el desenvolupament del tennis catal\u00e0. <\/p><\/div><figure class=\"wp-block-gallery has-nested-images columns-2 wp-block-gallery-1 is-layout-flex wp-block-gallery-is-layout-flex\"><figure class=\"wp-block-image size-large\"><img loading=\"lazy\" decoding=\"async\" width=\"1024\" height=\"1024\" data-id=\"3805\" src=\"https:\/\/greencourt.mgcomunicacio.com\/wp-content\/uploads\/2025\/11\/Noticia-XXI-Mini-Cup-Trofeu-Greencourt-Polo-Barcelona-2-1024x1024.jpeg\" alt=\"\" class=\"wp-image-3805\" srcset=\"https:\/\/greencourt.mgcomunicacio.com\/wp-content\/uploads\/2025\/11\/Noticia-XXI-Mini-Cup-Trofeu-Greencourt-Polo-Barcelona-2-1024x1024.jpeg 1024w, https:\/\/greencourt.mgcomunicacio.com\/wp-content\/uploads\/2025\/11\/Noticia-XXI-Mini-Cup-Trofeu-Greencourt-Polo-Barcelona-2-300x300.jpeg 300w, https:\/\/greencourt.mgcomunicacio.com\/wp-content\/uploads\/2025\/11\/Noticia-XXI-Mini-Cup-Trofeu-Greencourt-Polo-Barcelona-2-100x100.jpeg 100w, https:\/\/greencourt.mgcomunicacio.com\/wp-content\/uploads\/2025\/11\/Noticia-XXI-Mini-Cup-Trofeu-Greencourt-Polo-Barcelona-2-600x600.jpeg 600w, https:\/\/greencourt.mgcomunicacio.com\/wp-content\/uploads\/2025\/11\/Noticia-XXI-Mini-Cup-Trofeu-Greencourt-Polo-Barcelona-2-150x150.jpeg 150w, https:\/\/greencourt.mgcomunicacio.com\/wp-content\/uploads\/2025\/11\/Noticia-XXI-Mini-Cup-Trofeu-Greencourt-Polo-Barcelona-2-768x768.jpeg 768w, https:\/\/greencourt.mgcomunicacio.com\/wp-content\/uploads\/2025\/11\/Noticia-XXI-Mini-Cup-Trofeu-Greencourt-Polo-Barcelona-2-340x340.jpeg 340w, https:\/\/greencourt.mgcomunicacio.com\/wp-content\/uploads\/2025\/11\/Noticia-XXI-Mini-Cup-Trofeu-Greencourt-Polo-Barcelona-2-140x140.jpeg 140w, https:\/\/greencourt.mgcomunicacio.com\/wp-content\/uploads\/2025\/11\/Noticia-XXI-Mini-Cup-Trofeu-Greencourt-Polo-Barcelona-2.jpeg 1440w\" sizes=\"auto, (max-width: 1024px) 100vw, 1024px\" \/><\/figure>\n\n<figure class=\"wp-block-image size-large\"><img loading=\"lazy\" decoding=\"async\" width=\"1024\" height=\"1024\" data-id=\"3806\" src=\"https:\/\/greencourt.mgcomunicacio.com\/wp-content\/uploads\/2025\/11\/Noticia-XXI-Mini-Cup-Trofeu-Greencourt-Polo-Barcelona-3-1024x1024.jpeg\" alt=\"\" class=\"wp-image-3806\" srcset=\"https:\/\/greencourt.mgcomunicacio.com\/wp-content\/uploads\/2025\/11\/Noticia-XXI-Mini-Cup-Trofeu-Greencourt-Polo-Barcelona-3-1024x1024.jpeg 1024w, https:\/\/greencourt.mgcomunicacio.com\/wp-content\/uploads\/2025\/11\/Noticia-XXI-Mini-Cup-Trofeu-Greencourt-Polo-Barcelona-3-300x300.jpeg 300w, https:\/\/greencourt.mgcomunicacio.com\/wp-content\/uploads\/2025\/11\/Noticia-XXI-Mini-Cup-Trofeu-Greencourt-Polo-Barcelona-3-100x100.jpeg 100w, https:\/\/greencourt.mgcomunicacio.com\/wp-content\/uploads\/2025\/11\/Noticia-XXI-Mini-Cup-Trofeu-Greencourt-Polo-Barcelona-3-600x600.jpeg 600w, https:\/\/greencourt.mgcomunicacio.com\/wp-content\/uploads\/2025\/11\/Noticia-XXI-Mini-Cup-Trofeu-Greencourt-Polo-Barcelona-3-150x150.jpeg 150w, https:\/\/greencourt.mgcomunicacio.com\/wp-content\/uploads\/2025\/11\/Noticia-XXI-Mini-Cup-Trofeu-Greencourt-Polo-Barcelona-3-768x768.jpeg 768w, https:\/\/greencourt.mgcomunicacio.com\/wp-content\/uploads\/2025\/11\/Noticia-XXI-Mini-Cup-Trofeu-Greencourt-Polo-Barcelona-3-340x340.jpeg 340w, https:\/\/greencourt.mgcomunicacio.com\/wp-content\/uploads\/2025\/11\/Noticia-XXI-Mini-Cup-Trofeu-Greencourt-Polo-Barcelona-3-140x140.jpeg 140w, https:\/\/greencourt.mgcomunicacio.com\/wp-content\/uploads\/2025\/11\/Noticia-XXI-Mini-Cup-Trofeu-Greencourt-Polo-Barcelona-3.jpeg 1440w\" sizes=\"auto, (max-width: 1024px) 100vw, 1024px\" \/><\/figure>\n\n<figure class=\"wp-block-image size-large\"><img loading=\"lazy\" decoding=\"async\" width=\"1024\" height=\"1024\" data-id=\"3807\" src=\"https:\/\/greencourt.mgcomunicacio.com\/wp-content\/uploads\/2025\/11\/Noticia-XXI-Mini-Cup-Trofeu-Greencourt-Polo-Barcelona-4-1024x1024.jpeg\" alt=\"\" class=\"wp-image-3807\" srcset=\"https:\/\/greencourt.mgcomunicacio.com\/wp-content\/uploads\/2025\/11\/Noticia-XXI-Mini-Cup-Trofeu-Greencourt-Polo-Barcelona-4-1024x1024.jpeg 1024w, https:\/\/greencourt.mgcomunicacio.com\/wp-content\/uploads\/2025\/11\/Noticia-XXI-Mini-Cup-Trofeu-Greencourt-Polo-Barcelona-4-300x300.jpeg 300w, https:\/\/greencourt.mgcomunicacio.com\/wp-content\/uploads\/2025\/11\/Noticia-XXI-Mini-Cup-Trofeu-Greencourt-Polo-Barcelona-4-100x100.jpeg 100w, https:\/\/greencourt.mgcomunicacio.com\/wp-content\/uploads\/2025\/11\/Noticia-XXI-Mini-Cup-Trofeu-Greencourt-Polo-Barcelona-4-600x600.jpeg 600w, https:\/\/greencourt.mgcomunicacio.com\/wp-content\/uploads\/2025\/11\/Noticia-XXI-Mini-Cup-Trofeu-Greencourt-Polo-Barcelona-4-150x150.jpeg 150w, https:\/\/greencourt.mgcomunicacio.com\/wp-content\/uploads\/2025\/11\/Noticia-XXI-Mini-Cup-Trofeu-Greencourt-Polo-Barcelona-4-768x768.jpeg 768w, https:\/\/greencourt.mgcomunicacio.com\/wp-content\/uploads\/2025\/11\/Noticia-XXI-Mini-Cup-Trofeu-Greencourt-Polo-Barcelona-4-340x340.jpeg 340w, https:\/\/greencourt.mgcomunicacio.com\/wp-content\/uploads\/2025\/11\/Noticia-XXI-Mini-Cup-Trofeu-Greencourt-Polo-Barcelona-4-140x140.jpeg 140w, https:\/\/greencourt.mgcomunicacio.com\/wp-content\/uploads\/2025\/11\/Noticia-XXI-Mini-Cup-Trofeu-Greencourt-Polo-Barcelona-4.jpeg 1440w\" sizes=\"auto, (max-width: 1024px) 100vw, 1024px\" \/><\/figure>\n\n<figure class=\"wp-block-image size-large\"><img loading=\"lazy\" decoding=\"async\" width=\"1024\" height=\"1024\" data-id=\"3808\" src=\"https:\/\/greencourt.mgcomunicacio.com\/wp-content\/uploads\/2025\/11\/Noticia-XXI-Mini-Cup-Trofeu-Greencourt-Polo-Barcelona-5-1024x1024.jpeg\" alt=\"\" class=\"wp-image-3808\" srcset=\"https:\/\/greencourt.mgcomunicacio.com\/wp-content\/uploads\/2025\/11\/Noticia-XXI-Mini-Cup-Trofeu-Greencourt-Polo-Barcelona-5-1024x1024.jpeg 1024w, https:\/\/greencourt.mgcomunicacio.com\/wp-content\/uploads\/2025\/11\/Noticia-XXI-Mini-Cup-Trofeu-Greencourt-Polo-Barcelona-5-300x300.jpeg 300w, https:\/\/greencourt.mgcomunicacio.com\/wp-content\/uploads\/2025\/11\/Noticia-XXI-Mini-Cup-Trofeu-Greencourt-Polo-Barcelona-5-100x100.jpeg 100w, https:\/\/greencourt.mgcomunicacio.com\/wp-content\/uploads\/2025\/11\/Noticia-XXI-Mini-Cup-Trofeu-Greencourt-Polo-Barcelona-5-600x600.jpeg 600w, https:\/\/greencourt.mgcomunicacio.com\/wp-content\/uploads\/2025\/11\/Noticia-XXI-Mini-Cup-Trofeu-Greencourt-Polo-Barcelona-5-150x150.jpeg 150w, https:\/\/greencourt.mgcomunicacio.com\/wp-content\/uploads\/2025\/11\/Noticia-XXI-Mini-Cup-Trofeu-Greencourt-Polo-Barcelona-5-768x768.jpeg 768w, https:\/\/greencourt.mgcomunicacio.com\/wp-content\/uploads\/2025\/11\/Noticia-XXI-Mini-Cup-Trofeu-Greencourt-Polo-Barcelona-5-340x340.jpeg 340w, https:\/\/greencourt.mgcomunicacio.com\/wp-content\/uploads\/2025\/11\/Noticia-XXI-Mini-Cup-Trofeu-Greencourt-Polo-Barcelona-5-140x140.jpeg 140w, https:\/\/greencourt.mgcomunicacio.com\/wp-content\/uploads\/2025\/11\/Noticia-XXI-Mini-Cup-Trofeu-Greencourt-Polo-Barcelona-5.jpeg 1440w\" sizes=\"auto, (max-width: 1024px) 100vw, 1024px\" \/><\/figure>\n\n<figure class=\"wp-block-image size-large\"><img loading=\"lazy\" decoding=\"async\" width=\"1024\" height=\"1024\" data-id=\"3811\" src=\"https:\/\/greencourt.mgcomunicacio.com\/wp-content\/uploads\/2025\/11\/Noticia-XXI-Mini-Cup-Trofeu-Greencourt-Polo-Barcelona-1-1024x1024.jpeg\" alt=\"\" class=\"wp-image-3811\" srcset=\"https:\/\/greencourt.mgcomunicacio.com\/wp-content\/uploads\/2025\/11\/Noticia-XXI-Mini-Cup-Trofeu-Greencourt-Polo-Barcelona-1-1024x1024.jpeg 1024w, https:\/\/greencourt.mgcomunicacio.com\/wp-content\/uploads\/2025\/11\/Noticia-XXI-Mini-Cup-Trofeu-Greencourt-Polo-Barcelona-1-300x300.jpeg 300w, https:\/\/greencourt.mgcomunicacio.com\/wp-content\/uploads\/2025\/11\/Noticia-XXI-Mini-Cup-Trofeu-Greencourt-Polo-Barcelona-1-100x100.jpeg 100w, https:\/\/greencourt.mgcomunicacio.com\/wp-content\/uploads\/2025\/11\/Noticia-XXI-Mini-Cup-Trofeu-Greencourt-Polo-Barcelona-1-600x600.jpeg 600w, https:\/\/greencourt.mgcomunicacio.com\/wp-content\/uploads\/2025\/11\/Noticia-XXI-Mini-Cup-Trofeu-Greencourt-Polo-Barcelona-1-150x150.jpeg 150w, https:\/\/greencourt.mgcomunicacio.com\/wp-content\/uploads\/2025\/11\/Noticia-XXI-Mini-Cup-Trofeu-Greencourt-Polo-Barcelona-1-768x768.jpeg 768w, https:\/\/greencourt.mgcomunicacio.com\/wp-content\/uploads\/2025\/11\/Noticia-XXI-Mini-Cup-Trofeu-Greencourt-Polo-Barcelona-1-340x340.jpeg 340w, https:\/\/greencourt.mgcomunicacio.com\/wp-content\/uploads\/2025\/11\/Noticia-XXI-Mini-Cup-Trofeu-Greencourt-Polo-Barcelona-1-140x140.jpeg 140w, https:\/\/greencourt.mgcomunicacio.com\/wp-content\/uploads\/2025\/11\/Noticia-XXI-Mini-Cup-Trofeu-Greencourt-Polo-Barcelona-1.jpeg 1440w\" sizes=\"auto, (max-width: 1024px) 100vw, 1024px\" \/><\/figure>\n\n<figure class=\"wp-block-image size-large\"><img loading=\"lazy\" decoding=\"async\" width=\"1024\" height=\"1024\" data-id=\"3810\" src=\"https:\/\/greencourt.mgcomunicacio.com\/wp-content\/uploads\/2025\/11\/Noticia-XXI-Mini-Cup-Trofeu-Greencourt-Polo-Barcelona-7-1024x1024.jpeg\" alt=\"\" class=\"wp-image-3810\" srcset=\"https:\/\/greencourt.mgcomunicacio.com\/wp-content\/uploads\/2025\/11\/Noticia-XXI-Mini-Cup-Trofeu-Greencourt-Polo-Barcelona-7-1024x1024.jpeg 1024w, https:\/\/greencourt.mgcomunicacio.com\/wp-content\/uploads\/2025\/11\/Noticia-XXI-Mini-Cup-Trofeu-Greencourt-Polo-Barcelona-7-300x300.jpeg 300w, https:\/\/greencourt.mgcomunicacio.com\/wp-content\/uploads\/2025\/11\/Noticia-XXI-Mini-Cup-Trofeu-Greencourt-Polo-Barcelona-7-100x100.jpeg 100w, https:\/\/greencourt.mgcomunicacio.com\/wp-content\/uploads\/2025\/11\/Noticia-XXI-Mini-Cup-Trofeu-Greencourt-Polo-Barcelona-7-600x600.jpeg 600w, https:\/\/greencourt.mgcomunicacio.com\/wp-content\/uploads\/2025\/11\/Noticia-XXI-Mini-Cup-Trofeu-Greencourt-Polo-Barcelona-7-150x150.jpeg 150w, https:\/\/greencourt.mgcomunicacio.com\/wp-content\/uploads\/2025\/11\/Noticia-XXI-Mini-Cup-Trofeu-Greencourt-Polo-Barcelona-7-768x768.jpeg 768w, https:\/\/greencourt.mgcomunicacio.com\/wp-content\/uploads\/2025\/11\/Noticia-XXI-Mini-Cup-Trofeu-Greencourt-Polo-Barcelona-7-340x340.jpeg 340w, https:\/\/greencourt.mgcomunicacio.com\/wp-content\/uploads\/2025\/11\/Noticia-XXI-Mini-Cup-Trofeu-Greencourt-Polo-Barcelona-7-140x140.jpeg 140w, https:\/\/greencourt.mgcomunicacio.com\/wp-content\/uploads\/2025\/11\/Noticia-XXI-Mini-Cup-Trofeu-Greencourt-Polo-Barcelona-7.jpeg 1440w\" sizes=\"auto, (max-width: 1024px) 100vw, 1024px\" \/><\/figure><\/figure><div style=\"height:15vh\" aria-hidden=\"true\" class=\"wp-block-spacer\"><\/div><p><\/p><p><\/p>","protected":false},"excerpt":{"rendered":"","protected":false},"author":1,"featured_media":3813,"comment_status":"open","ping_status":"open","sticky":false,"template":"","format":"standard","meta":{"_acf_changed":false,"footnotes":""},"categories":[202],"tags":[],"class_list":["post-5609","post","type-post","status-publish","format-standard","has-post-thumbnail","hentry","category-sense-categoria"],"acf":[],"_links":{"self":[{"href":"https:\/\/greencourt.mgcomunicacio.com\/ca\/wp-json\/wp\/v2\/posts\/5609","targetHints":{"allow":["GET"]}}],"collection":[{"href":"https:\/\/greencourt.mgcomunicacio.com\/ca\/wp-json\/wp\/v2\/posts"}],"about":[{"href":"https:\/\/greencourt.mgcomunicacio.com\/ca\/wp-json\/wp\/v2\/types\/post"}],"author":[{"embeddable":true,"href":"https:\/\/greencourt.mgcomunicacio.com\/ca\/wp-json\/wp\/v2\/users\/1"}],"replies":[{"embeddable":true,"href":"https:\/\/greencourt.mgcomunicacio.com\/ca\/wp-json\/wp\/v2\/comments?post=5609"}],"version-history":[{"count":1,"href":"https:\/\/greencourt.mgcomunicacio.com\/ca\/wp-json\/wp\/v2\/posts\/5609\/revisions"}],"predecessor-version":[{"id":5612,"href":"https:\/\/greencourt.mgcomunicacio.com\/ca\/wp-json\/wp\/v2\/posts\/5609\/revisions\/5612"}],"wp:featuredmedia":[{"embeddable":true,"href":"https:\/\/greencourt.mgcomunicacio.com\/ca\/wp-json\/wp\/v2\/media\/3813"}],"wp:attachment":[{"href":"https:\/\/greencourt.mgcomunicacio.com\/ca\/wp-json\/wp\/v2\/media?parent=5609"}],"wp:term":[{"taxonomy":"category","embeddable":true,"href":"https:\/\/greencourt.mgcomunicacio.com\/ca\/wp-json\/wp\/v2\/categories?post=5609"},{"taxonomy":"post_tag","embeddable":true,"href":"https:\/\/greencourt.mgcomunicacio.com\/ca\/wp-json\/wp\/v2\/tags?post=5609"}],"curies":[{"name":"wp","href":"https:\/\/api.w.org\/{rel}","templated":true}]}}