{"id":5619,"date":"2025-11-02T13:00:43","date_gmt":"2025-11-02T12:00:43","guid":{"rendered":"https:\/\/greencourt.mgcomunicacio.com\/greencourt-nou-proveidor-oficial-de-pistes-de-terra-batuda-de-la-rafa-nadal-academy\/"},"modified":"2025-12-04T13:08:40","modified_gmt":"2025-12-04T12:08:40","slug":"greencourt-nou-proveidor-oficial-de-pistes-de-terra-batuda-de-la-rafa-nadal-academy","status":"publish","type":"post","link":"https:\/\/greencourt.mgcomunicacio.com\/ca\/greencourt-nou-proveidor-oficial-de-pistes-de-terra-batuda-de-la-rafa-nadal-academy\/","title":{"rendered":"Greencourt, nou prove\u00efdor oficial de pistes de terra batuda de la Rafa Nadal Academy"},"content":{"rendered":"<div class=\"wp-block-greencourt-cabecera mod-cabecera f1_2\"><div class=\"slider\"><div class=\"wp-block-greencourt-cabecera-interior slide\"><div class=\"maq-contenidor\" style=\"backdrop-filter: blur(0px)\"><div class=\"text\"><h1 class=\"wp-block-heading has-text-align-center is-style-com_titular_1 has-blanc-color has-text-color has-link-color wp-elements-ee739f2ef9e77984f2006f77b5f07c50\">Acord Rafa<br\/>Nadal Academy<\/h1><\/div><\/div><div class=\"image\" style=\"background-image:url(https:\/\/greencourt.mgcomunicacio.com\/wp-content\/uploads\/2025\/11\/Greencourt-nuevo-proveedor-oficial-de-pistas-de-tierra-batida-de-la-Rafa-Nadal-Academy-02.jpg)\"><\/div><div style=\"background: #2b2b2b; opacity: calc(20\/100);\" class=\"capa-color\"><\/div><\/div><\/div><\/div><div class=\"wp-block-greencourt-marges maq-contenidor normal marge-superior-gran marge-inferior-\" data-aos=\"off\" data-aos-delay=\"aos_delay\"><h2 class=\"wp-block-heading is-style-com_titular_2\">Greencourt, nou prove\u00efdor oficial de pistes de terra batuda de la Rafa Nadal Academy<\/h2>\n\n<div style=\"height:50px\" aria-hidden=\"true\" class=\"wp-block-spacer\"><\/div>\n\n<p class=\"is-style-com_titular_4\">Ens enorgulleix anunciar que Greencourt esdev\u00e9 el prove\u00efdor oficial de pistes de terra batuda de la Rafa Nadal Academy, una de les institucions esportives m\u00e9s prestigioses del m\u00f3n. Aquesta alian\u00e7a refor\u00e7a el nostre comprom\u00eds amb l&#8217;excel\u00b7l\u00e8ncia t\u00e8cnica i consolida la nostra posici\u00f3 com a especialistes en superf\u00edcies de terra batuda d&#8217;alt rendiment. <\/p><\/div><div class=\"wp-block-greencourt-marges maq-contenidor ample-marge marge-superior-petit marge-inferior-petit\" data-aos=\"off\" data-aos-delay=\"aos_delay\"><p class=\"is-style-com_titular_1 has-taronja-greencourt-color has-text-color has-link-color wp-elements-aebb7d6cd0256c715cbdf3631a1f542b\">Endavant!<\/p><\/div><div class=\"wp-block-greencourt-marges maq-contenidor normal marge-superior- marge-inferior-gran\" data-aos=\"off\" data-aos-delay=\"aos_delay\"><p class=\"is-style-com_titular_4\">La col\u00b7laboraci\u00f3 ens permetr\u00e0 aportar la nostra experi\u00e8ncia, tecnologia i capacitat d&#8217;execuci\u00f3 per garantir pistes al m\u00e0xim nivell, adaptades a les exig\u00e8ncies d&#8217;una acad\u00e8mia de refer\u00e8ncia i d&#8217;esportistes d&#8217;elit. Per a Greencourt, \u00e9s un orgull formar part d&#8217;un projecte que comparteix els nostres mateixos valors: esfor\u00e7, qualitat i superaci\u00f3 constant. <\/p>\n\n<p><\/p>\n\n<p class=\"is-style-com_titular_4\">Aquesta sinergia marca una nova etapa per a nosaltres i reafirma la nostra voluntat de continuar oferint les millors superf\u00edcies d&#8217;una de les pistes m\u00e9s especials i emblem\u00e0tiques per a la nostra identitat: la terra batuda.<\/p><\/div><div class=\"wp-block-greencourt-marges maq-contenidor fullwidth marge-superior-petit marge-inferior-\" data-aos=\"off\" data-aos-delay=\"aos_delay\"><figure class=\"wp-block-image size-full\"><img loading=\"lazy\" decoding=\"async\" width=\"2560\" height=\"1700\" src=\"https:\/\/greencourt.mgcomunicacio.com\/wp-content\/uploads\/2025\/11\/Greencourt-nuevo-proveedor-oficial-de-pistas-de-tierra-batida-de-la-Rafa-Nadal-Academy-01-scaled.jpg\" alt=\"\" class=\"wp-image-4250\" srcset=\"https:\/\/greencourt.mgcomunicacio.com\/wp-content\/uploads\/2025\/11\/Greencourt-nuevo-proveedor-oficial-de-pistas-de-tierra-batida-de-la-Rafa-Nadal-Academy-01-scaled.jpg 2560w, https:\/\/greencourt.mgcomunicacio.com\/wp-content\/uploads\/2025\/11\/Greencourt-nuevo-proveedor-oficial-de-pistas-de-tierra-batida-de-la-Rafa-Nadal-Academy-01-scaled-600x398.jpg 600w, https:\/\/greencourt.mgcomunicacio.com\/wp-content\/uploads\/2025\/11\/Greencourt-nuevo-proveedor-oficial-de-pistas-de-tierra-batida-de-la-Rafa-Nadal-Academy-01-300x199.jpg 300w, https:\/\/greencourt.mgcomunicacio.com\/wp-content\/uploads\/2025\/11\/Greencourt-nuevo-proveedor-oficial-de-pistas-de-tierra-batida-de-la-Rafa-Nadal-Academy-01-1024x680.jpg 1024w, https:\/\/greencourt.mgcomunicacio.com\/wp-content\/uploads\/2025\/11\/Greencourt-nuevo-proveedor-oficial-de-pistas-de-tierra-batida-de-la-Rafa-Nadal-Academy-01-768x510.jpg 768w, https:\/\/greencourt.mgcomunicacio.com\/wp-content\/uploads\/2025\/11\/Greencourt-nuevo-proveedor-oficial-de-pistas-de-tierra-batida-de-la-Rafa-Nadal-Academy-01-1536x1020.jpg 1536w, https:\/\/greencourt.mgcomunicacio.com\/wp-content\/uploads\/2025\/11\/Greencourt-nuevo-proveedor-oficial-de-pistas-de-tierra-batida-de-la-Rafa-Nadal-Academy-01-2048x1360.jpg 2048w, https:\/\/greencourt.mgcomunicacio.com\/wp-content\/uploads\/2025\/11\/Greencourt-nuevo-proveedor-oficial-de-pistas-de-tierra-batida-de-la-Rafa-Nadal-Academy-01-340x226.jpg 340w, https:\/\/greencourt.mgcomunicacio.com\/wp-content\/uploads\/2025\/11\/Greencourt-nuevo-proveedor-oficial-de-pistas-de-tierra-batida-de-la-Rafa-Nadal-Academy-01-140x93.jpg 140w\" sizes=\"auto, (max-width: 2560px) 100vw, 2560px\" \/><\/figure><\/div><p><\/p><div style=\"height:15vh\" aria-hidden=\"true\" class=\"wp-block-spacer\"><\/div><p><\/p><p><\/p>","protected":false},"excerpt":{"rendered":"","protected":false},"author":1,"featured_media":4250,"comment_status":"open","ping_status":"open","sticky":false,"template":"","format":"standard","meta":{"_acf_changed":false,"footnotes":""},"categories":[202],"tags":[],"class_list":["post-5619","post","type-post","status-publish","format-standard","has-post-thumbnail","hentry","category-sense-categoria"],"acf":[],"_links":{"self":[{"href":"https:\/\/greencourt.mgcomunicacio.com\/ca\/wp-json\/wp\/v2\/posts\/5619","targetHints":{"allow":["GET"]}}],"collection":[{"href":"https:\/\/greencourt.mgcomunicacio.com\/ca\/wp-json\/wp\/v2\/posts"}],"about":[{"href":"https:\/\/greencourt.mgcomunicacio.com\/ca\/wp-json\/wp\/v2\/types\/post"}],"author":[{"embeddable":true,"href":"https:\/\/greencourt.mgcomunicacio.com\/ca\/wp-json\/wp\/v2\/users\/1"}],"replies":[{"embeddable":true,"href":"https:\/\/greencourt.mgcomunicacio.com\/ca\/wp-json\/wp\/v2\/comments?post=5619"}],"version-history":[{"count":1,"href":"https:\/\/greencourt.mgcomunicacio.com\/ca\/wp-json\/wp\/v2\/posts\/5619\/revisions"}],"predecessor-version":[{"id":5621,"href":"https:\/\/greencourt.mgcomunicacio.com\/ca\/wp-json\/wp\/v2\/posts\/5619\/revisions\/5621"}],"wp:featuredmedia":[{"embeddable":true,"href":"https:\/\/greencourt.mgcomunicacio.com\/ca\/wp-json\/wp\/v2\/media\/4250"}],"wp:attachment":[{"href":"https:\/\/greencourt.mgcomunicacio.com\/ca\/wp-json\/wp\/v2\/media?parent=5619"}],"wp:term":[{"taxonomy":"category","embeddable":true,"href":"https:\/\/greencourt.mgcomunicacio.com\/ca\/wp-json\/wp\/v2\/categories?post=5619"},{"taxonomy":"post_tag","embeddable":true,"href":"https:\/\/greencourt.mgcomunicacio.com\/ca\/wp-json\/wp\/v2\/tags?post=5619"}],"curies":[{"name":"wp","href":"https:\/\/api.w.org\/{rel}","templated":true}]}}