{"id":6041,"date":"2025-11-01T11:09:48","date_gmt":"2025-11-01T10:09:48","guid":{"rendered":"https:\/\/greencourt.mgcomunicacio.com\/lopen-greencourt-celebra-una-nova-edicio-al-club-tennis-sabadell\/"},"modified":"2025-12-04T13:23:18","modified_gmt":"2025-12-04T12:23:18","slug":"lopen-greencourt-celebra-una-nova-edicio-al-club-tennis-sabadell","status":"publish","type":"post","link":"https:\/\/greencourt.mgcomunicacio.com\/ca\/lopen-greencourt-celebra-una-nova-edicio-al-club-tennis-sabadell\/","title":{"rendered":"L&#8217;Open Greencourt celebra una nova edici\u00f3 al Club Tennis Sabadell"},"content":{"rendered":"<div class=\"wp-block-greencourt-cabecera mod-cabecera f1_2\"><div class=\"slider\"><div class=\"wp-block-greencourt-cabecera-interior slide\"><div class=\"maq-contenidor\" style=\"backdrop-filter: blur(0px)\"><div class=\"text\"><p class=\"has-text-align-center is-style-com_titular_1 has-blanc-color has-text-color has-link-color wp-elements-8de7a5543026a187d832ef34f3188a13\">Open Greencourt<br\/>2025<\/p><\/div><\/div><div class=\"image\" style=\"background-image:url(https:\/\/greencourt.mgcomunicacio.com\/wp-content\/uploads\/2025\/11\/El-Open-Greencourt-celebra-una-nueva-edicion-en-el-Club-Tennis-Sabadell-06.jpg)\"><\/div><div style=\"background: #2b2b2b; opacity: calc(20\/100);\" class=\"capa-color\"><\/div><\/div><\/div><\/div><div class=\"wp-block-greencourt-marges maq-contenidor normal marge-superior-gran marge-inferior-\" data-aos=\"off\" data-aos-delay=\"aos_delay\"><h1 class=\"wp-block-heading is-style-com_titular_2\">L&#8217;Open Greencourt celebra una nova edici\u00f3 al Club Tennis Sabadell<\/h1>\n\n<div style=\"height:50px\" aria-hidden=\"true\" class=\"wp-block-spacer\"><\/div>\n\n<p class=\"is-style-com_titular_4\">El 31\u00e8 Trofeu Internacional de Tennis Ciutat de Sabadell \u2013 Open Greencourt 2025 ha tornat a convertir el Club Tennis Sabadell en l&#8217;epicentre del tennis catal\u00e0 i internacional. Un any m\u00e9s, el torneig ha reunit jugadors i jugadores de primer nivell, consolidant-se com una cita de refer\u00e8ncia dins del calendari esportiu. <\/p>\n\n<p><\/p>\n\n<p class=\"is-style-com_titular_4\">Amb un ambient immillorable i unes pistes en perfectes condicions, el torneig ha destacat per la qualitat del joc i per l&#8217;excel\u00b7lent organitzaci\u00f3 del Club, amb el suport de Greencourt, empresa patrocinadora i especialista en superf\u00edcies esportives d&#8217;alt rendiment.<\/p>\n\n<p><\/p>\n\n<p class=\"is-style-com_titular_4\">La final del 31\u00e8 Trofeu Internacional Ciutat de Sabadell \u2013 Open Greencourt 2025 es va disputar entre Nick Hardt i Lorenzo Giustino. El tennista dominic\u00e0 Nick Hardt es va al\u00e7ar amb la vict\u00f2ria despr\u00e9s d&#8217;un intens partit, imposant-se per 6-4, 3-6, 6-2. <\/p><\/div><div class=\"wp-block-greencourt-marges maq-contenidor ample-marge marge-superior-petit marge-inferior-petit\" data-aos=\"off\" data-aos-delay=\"aos_delay\"><p class=\"is-style-com_titular_1 has-taronja-greencourt-color has-text-color has-link-color wp-elements-92bb9ad4fadfe006fb756fc44a5013fd\">Un torneig que uneix tradici\u00f3, esport i sostenibilitat.<\/p><\/div><div class=\"wp-block-greencourt-marges maq-contenidor normal marge-superior- marge-inferior-gran\" data-aos=\"off\" data-aos-delay=\"aos_delay\"><p class=\"is-style-com_titular_4\">El dominic\u00e0 Nick Hardt, jove promesa del circuit internacional, va tornar a demostrar la seva solidesa sobre terra batuda i la seva gran capacitat f\u00edsica, imposant-se amb determinaci\u00f3 en els moments decisius del partit. Per la seva banda, l&#8217;itali\u00e0 Lorenzo Giustino, jugador experimentat i amb una \u00e0mplia traject\u00f2ria en tornejos ATP i Challenger, va oferir un tennis molt competitiu i va lluitar cada punt amb intensitat, deixant una excel\u00b7lent impressi\u00f3 entre el p\u00fablic de Sabadell. <\/p>\n\n<p><\/p>\n\n<p class=\"is-style-com_titular_4\">L&#8217;Open Greencourt ha estat, un any m\u00e9s, un exemple de com la passi\u00f3 pel tennis i el comprom\u00eds amb la sostenibilitat poden anar de la m\u00e0. Les pistes de terra batuda Greencourt, reconegudes per la seva estabilitat i comportament uniforme, han estat l&#8217;escenari perfecte per a una competici\u00f3 intensa i emocionant. <\/p>\n\n<p><\/p>\n\n<p class=\"is-style-com_titular_4\">Des de Greencourt, celebrem poder col\u00b7laborar en iniciatives que impulsen l&#8217;esport i promouen valors com l&#8217;esfor\u00e7, el respecte i la superaci\u00f3.<\/p>\n\n<p><\/p>\n\n<p class=\"is-style-com_titular_4\">Felicitem el Club Tennis Sabadell per la seva excel\u00b7lent organitzaci\u00f3 i a tots els participants per fer possible una nova edici\u00f3 d&#8217;aquest torneig hist\u00f2ric.<\/p><\/div><div class=\"wp-block-greencourt-marges maq-contenidor fullwidth marge-superior-petit marge-inferior-\" data-aos=\"off\" data-aos-delay=\"aos_delay\"><figure class=\"wp-block-image size-full\"><img loading=\"lazy\" decoding=\"async\" width=\"1774\" height=\"1181\" src=\"https:\/\/greencourt.mgcomunicacio.com\/wp-content\/uploads\/2025\/11\/El-Open-Greencourt-celebra-una-nueva-edicion-en-el-Club-Tennis-Sabadell-01.jpg\" alt=\"\" class=\"wp-image-3606\" srcset=\"https:\/\/greencourt.mgcomunicacio.com\/wp-content\/uploads\/2025\/11\/El-Open-Greencourt-celebra-una-nueva-edicion-en-el-Club-Tennis-Sabadell-01.jpg 1774w, https:\/\/greencourt.mgcomunicacio.com\/wp-content\/uploads\/2025\/11\/El-Open-Greencourt-celebra-una-nueva-edicion-en-el-Club-Tennis-Sabadell-01-600x399.jpg 600w, https:\/\/greencourt.mgcomunicacio.com\/wp-content\/uploads\/2025\/11\/El-Open-Greencourt-celebra-una-nueva-edicion-en-el-Club-Tennis-Sabadell-01-300x200.jpg 300w, https:\/\/greencourt.mgcomunicacio.com\/wp-content\/uploads\/2025\/11\/El-Open-Greencourt-celebra-una-nueva-edicion-en-el-Club-Tennis-Sabadell-01-1024x682.jpg 1024w, https:\/\/greencourt.mgcomunicacio.com\/wp-content\/uploads\/2025\/11\/El-Open-Greencourt-celebra-una-nueva-edicion-en-el-Club-Tennis-Sabadell-01-768x511.jpg 768w, https:\/\/greencourt.mgcomunicacio.com\/wp-content\/uploads\/2025\/11\/El-Open-Greencourt-celebra-una-nueva-edicion-en-el-Club-Tennis-Sabadell-01-1536x1023.jpg 1536w, https:\/\/greencourt.mgcomunicacio.com\/wp-content\/uploads\/2025\/11\/El-Open-Greencourt-celebra-una-nueva-edicion-en-el-Club-Tennis-Sabadell-01-340x226.jpg 340w, https:\/\/greencourt.mgcomunicacio.com\/wp-content\/uploads\/2025\/11\/El-Open-Greencourt-celebra-una-nueva-edicion-en-el-Club-Tennis-Sabadell-01-140x93.jpg 140w\" sizes=\"auto, (max-width: 1774px) 100vw, 1774px\" \/><\/figure><\/div><div class=\"wp-block-greencourt-marges maq-contenidor fullwidth marge-superior-petit marge-inferior-\" data-aos=\"off\" data-aos-delay=\"aos_delay\"><figure class=\"wp-block-image size-full\"><img loading=\"lazy\" decoding=\"async\" width=\"2135\" height=\"1599\" src=\"https:\/\/greencourt.mgcomunicacio.com\/wp-content\/uploads\/2025\/11\/El-Open-Greencourt-celebra-una-nueva-edicion-en-el-Club-Tennis-Sabadell-04.jpg\" alt=\"\" class=\"wp-image-3602\" srcset=\"https:\/\/greencourt.mgcomunicacio.com\/wp-content\/uploads\/2025\/11\/El-Open-Greencourt-celebra-una-nueva-edicion-en-el-Club-Tennis-Sabadell-04.jpg 2135w, https:\/\/greencourt.mgcomunicacio.com\/wp-content\/uploads\/2025\/11\/El-Open-Greencourt-celebra-una-nueva-edicion-en-el-Club-Tennis-Sabadell-04-600x449.jpg 600w, https:\/\/greencourt.mgcomunicacio.com\/wp-content\/uploads\/2025\/11\/El-Open-Greencourt-celebra-una-nueva-edicion-en-el-Club-Tennis-Sabadell-04-300x225.jpg 300w, https:\/\/greencourt.mgcomunicacio.com\/wp-content\/uploads\/2025\/11\/El-Open-Greencourt-celebra-una-nueva-edicion-en-el-Club-Tennis-Sabadell-04-1024x767.jpg 1024w, https:\/\/greencourt.mgcomunicacio.com\/wp-content\/uploads\/2025\/11\/El-Open-Greencourt-celebra-una-nueva-edicion-en-el-Club-Tennis-Sabadell-04-768x575.jpg 768w, https:\/\/greencourt.mgcomunicacio.com\/wp-content\/uploads\/2025\/11\/El-Open-Greencourt-celebra-una-nueva-edicion-en-el-Club-Tennis-Sabadell-04-1536x1150.jpg 1536w, https:\/\/greencourt.mgcomunicacio.com\/wp-content\/uploads\/2025\/11\/El-Open-Greencourt-celebra-una-nueva-edicion-en-el-Club-Tennis-Sabadell-04-2048x1534.jpg 2048w, https:\/\/greencourt.mgcomunicacio.com\/wp-content\/uploads\/2025\/11\/El-Open-Greencourt-celebra-una-nueva-edicion-en-el-Club-Tennis-Sabadell-04-340x255.jpg 340w, https:\/\/greencourt.mgcomunicacio.com\/wp-content\/uploads\/2025\/11\/El-Open-Greencourt-celebra-una-nueva-edicion-en-el-Club-Tennis-Sabadell-04-140x105.jpg 140w\" sizes=\"auto, (max-width: 2135px) 100vw, 2135px\" \/><\/figure><\/div><div class=\"wp-block-greencourt-marges maq-contenidor fullwidth marge-superior-petit marge-inferior-\" data-aos=\"off\" data-aos-delay=\"aos_delay\"><figure class=\"wp-block-image size-full\"><img loading=\"lazy\" decoding=\"async\" width=\"1774\" height=\"1181\" src=\"https:\/\/greencourt.mgcomunicacio.com\/wp-content\/uploads\/2025\/11\/El-Open-Greencourt-celebra-una-nueva-edicion-en-el-Club-Tennis-Sabadell-02.jpg\" alt=\"\" class=\"wp-image-3605\" srcset=\"https:\/\/greencourt.mgcomunicacio.com\/wp-content\/uploads\/2025\/11\/El-Open-Greencourt-celebra-una-nueva-edicion-en-el-Club-Tennis-Sabadell-02.jpg 1774w, https:\/\/greencourt.mgcomunicacio.com\/wp-content\/uploads\/2025\/11\/El-Open-Greencourt-celebra-una-nueva-edicion-en-el-Club-Tennis-Sabadell-02-600x399.jpg 600w, https:\/\/greencourt.mgcomunicacio.com\/wp-content\/uploads\/2025\/11\/El-Open-Greencourt-celebra-una-nueva-edicion-en-el-Club-Tennis-Sabadell-02-300x200.jpg 300w, https:\/\/greencourt.mgcomunicacio.com\/wp-content\/uploads\/2025\/11\/El-Open-Greencourt-celebra-una-nueva-edicion-en-el-Club-Tennis-Sabadell-02-1024x682.jpg 1024w, https:\/\/greencourt.mgcomunicacio.com\/wp-content\/uploads\/2025\/11\/El-Open-Greencourt-celebra-una-nueva-edicion-en-el-Club-Tennis-Sabadell-02-768x511.jpg 768w, https:\/\/greencourt.mgcomunicacio.com\/wp-content\/uploads\/2025\/11\/El-Open-Greencourt-celebra-una-nueva-edicion-en-el-Club-Tennis-Sabadell-02-1536x1023.jpg 1536w, https:\/\/greencourt.mgcomunicacio.com\/wp-content\/uploads\/2025\/11\/El-Open-Greencourt-celebra-una-nueva-edicion-en-el-Club-Tennis-Sabadell-02-340x226.jpg 340w, https:\/\/greencourt.mgcomunicacio.com\/wp-content\/uploads\/2025\/11\/El-Open-Greencourt-celebra-una-nueva-edicion-en-el-Club-Tennis-Sabadell-02-140x93.jpg 140w\" sizes=\"auto, (max-width: 1774px) 100vw, 1774px\" \/><\/figure><\/div><div class=\"wp-block-greencourt-marges maq-contenidor fullwidth marge-superior-petit marge-inferior-\" data-aos=\"off\" data-aos-delay=\"aos_delay\"><figure class=\"wp-block-image size-full\"><img loading=\"lazy\" decoding=\"async\" width=\"1774\" height=\"1181\" src=\"https:\/\/greencourt.mgcomunicacio.com\/wp-content\/uploads\/2025\/11\/El-Open-Greencourt-celebra-una-nueva-edicion-en-el-Club-Tennis-Sabadell-03.jpg\" alt=\"\" class=\"wp-image-3604\" srcset=\"https:\/\/greencourt.mgcomunicacio.com\/wp-content\/uploads\/2025\/11\/El-Open-Greencourt-celebra-una-nueva-edicion-en-el-Club-Tennis-Sabadell-03.jpg 1774w, https:\/\/greencourt.mgcomunicacio.com\/wp-content\/uploads\/2025\/11\/El-Open-Greencourt-celebra-una-nueva-edicion-en-el-Club-Tennis-Sabadell-03-600x399.jpg 600w, https:\/\/greencourt.mgcomunicacio.com\/wp-content\/uploads\/2025\/11\/El-Open-Greencourt-celebra-una-nueva-edicion-en-el-Club-Tennis-Sabadell-03-300x200.jpg 300w, https:\/\/greencourt.mgcomunicacio.com\/wp-content\/uploads\/2025\/11\/El-Open-Greencourt-celebra-una-nueva-edicion-en-el-Club-Tennis-Sabadell-03-1024x682.jpg 1024w, https:\/\/greencourt.mgcomunicacio.com\/wp-content\/uploads\/2025\/11\/El-Open-Greencourt-celebra-una-nueva-edicion-en-el-Club-Tennis-Sabadell-03-768x511.jpg 768w, https:\/\/greencourt.mgcomunicacio.com\/wp-content\/uploads\/2025\/11\/El-Open-Greencourt-celebra-una-nueva-edicion-en-el-Club-Tennis-Sabadell-03-1536x1023.jpg 1536w, https:\/\/greencourt.mgcomunicacio.com\/wp-content\/uploads\/2025\/11\/El-Open-Greencourt-celebra-una-nueva-edicion-en-el-Club-Tennis-Sabadell-03-340x226.jpg 340w, https:\/\/greencourt.mgcomunicacio.com\/wp-content\/uploads\/2025\/11\/El-Open-Greencourt-celebra-una-nueva-edicion-en-el-Club-Tennis-Sabadell-03-140x93.jpg 140w\" sizes=\"auto, (max-width: 1774px) 100vw, 1774px\" \/><\/figure><\/div><div class=\"wp-block-greencourt-marges maq-contenidor fullwidth marge-superior-petit marge-inferior-\" data-aos=\"off\" data-aos-delay=\"aos_delay\"><figure class=\"wp-block-image size-full\"><img loading=\"lazy\" decoding=\"async\" width=\"1774\" height=\"1181\" src=\"https:\/\/greencourt.mgcomunicacio.com\/wp-content\/uploads\/2025\/11\/El-Open-Greencourt-celebra-una-nueva-edicion-en-el-Club-Tennis-Sabadell-05.jpg\" alt=\"\" class=\"wp-image-3603\" srcset=\"https:\/\/greencourt.mgcomunicacio.com\/wp-content\/uploads\/2025\/11\/El-Open-Greencourt-celebra-una-nueva-edicion-en-el-Club-Tennis-Sabadell-05.jpg 1774w, https:\/\/greencourt.mgcomunicacio.com\/wp-content\/uploads\/2025\/11\/El-Open-Greencourt-celebra-una-nueva-edicion-en-el-Club-Tennis-Sabadell-05-600x399.jpg 600w, https:\/\/greencourt.mgcomunicacio.com\/wp-content\/uploads\/2025\/11\/El-Open-Greencourt-celebra-una-nueva-edicion-en-el-Club-Tennis-Sabadell-05-300x200.jpg 300w, https:\/\/greencourt.mgcomunicacio.com\/wp-content\/uploads\/2025\/11\/El-Open-Greencourt-celebra-una-nueva-edicion-en-el-Club-Tennis-Sabadell-05-1024x682.jpg 1024w, https:\/\/greencourt.mgcomunicacio.com\/wp-content\/uploads\/2025\/11\/El-Open-Greencourt-celebra-una-nueva-edicion-en-el-Club-Tennis-Sabadell-05-768x511.jpg 768w, https:\/\/greencourt.mgcomunicacio.com\/wp-content\/uploads\/2025\/11\/El-Open-Greencourt-celebra-una-nueva-edicion-en-el-Club-Tennis-Sabadell-05-1536x1023.jpg 1536w, https:\/\/greencourt.mgcomunicacio.com\/wp-content\/uploads\/2025\/11\/El-Open-Greencourt-celebra-una-nueva-edicion-en-el-Club-Tennis-Sabadell-05-340x226.jpg 340w, https:\/\/greencourt.mgcomunicacio.com\/wp-content\/uploads\/2025\/11\/El-Open-Greencourt-celebra-una-nueva-edicion-en-el-Club-Tennis-Sabadell-05-140x93.jpg 140w\" sizes=\"auto, (max-width: 1774px) 100vw, 1774px\" \/><\/figure><\/div><p><\/p><div style=\"height:15vh\" aria-hidden=\"true\" class=\"wp-block-spacer\"><\/div><p><\/p><p><\/p>","protected":false},"excerpt":{"rendered":"","protected":false},"author":1,"featured_media":3604,"comment_status":"open","ping_status":"open","sticky":false,"template":"","format":"standard","meta":{"_acf_changed":false,"footnotes":""},"categories":[202],"tags":[],"class_list":["post-6041","post","type-post","status-publish","format-standard","has-post-thumbnail","hentry","category-sense-categoria"],"acf":[],"_links":{"self":[{"href":"https:\/\/greencourt.mgcomunicacio.com\/ca\/wp-json\/wp\/v2\/posts\/6041","targetHints":{"allow":["GET"]}}],"collection":[{"href":"https:\/\/greencourt.mgcomunicacio.com\/ca\/wp-json\/wp\/v2\/posts"}],"about":[{"href":"https:\/\/greencourt.mgcomunicacio.com\/ca\/wp-json\/wp\/v2\/types\/post"}],"author":[{"embeddable":true,"href":"https:\/\/greencourt.mgcomunicacio.com\/ca\/wp-json\/wp\/v2\/users\/1"}],"replies":[{"embeddable":true,"href":"https:\/\/greencourt.mgcomunicacio.com\/ca\/wp-json\/wp\/v2\/comments?post=6041"}],"version-history":[{"count":1,"href":"https:\/\/greencourt.mgcomunicacio.com\/ca\/wp-json\/wp\/v2\/posts\/6041\/revisions"}],"predecessor-version":[{"id":6043,"href":"https:\/\/greencourt.mgcomunicacio.com\/ca\/wp-json\/wp\/v2\/posts\/6041\/revisions\/6043"}],"wp:featuredmedia":[{"embeddable":true,"href":"https:\/\/greencourt.mgcomunicacio.com\/ca\/wp-json\/wp\/v2\/media\/3604"}],"wp:attachment":[{"href":"https:\/\/greencourt.mgcomunicacio.com\/ca\/wp-json\/wp\/v2\/media?parent=6041"}],"wp:term":[{"taxonomy":"category","embeddable":true,"href":"https:\/\/greencourt.mgcomunicacio.com\/ca\/wp-json\/wp\/v2\/categories?post=6041"},{"taxonomy":"post_tag","embeddable":true,"href":"https:\/\/greencourt.mgcomunicacio.com\/ca\/wp-json\/wp\/v2\/tags?post=6041"}],"curies":[{"name":"wp","href":"https:\/\/api.w.org\/{rel}","templated":true}]}}